{"id":2097,"date":"2016-09-10T17:22:18","date_gmt":"2016-09-10T15:22:18","guid":{"rendered":"http:\/\/www.d-wdel.de\/?p=2097"},"modified":"2016-10-23T17:42:57","modified_gmt":"2016-10-23T15:42:57","slug":"erstmals-in-den-ardennen","status":"publish","type":"post","link":"https:\/\/www.d-wdel.de\/?p=2097","title":{"rendered":"Erstmals in den Ardennen"},"content":{"rendered":"<p>Das h\u00e4tte ich nicht erwartet, dass wir so nah vor der Haust\u00fcr ein so sch\u00f6nes Motorradrevier haben. Die Ardennen haben mich beeindruckt. Schon die Anfahrt durch die Eifel versprach alles was das Bikerherz verlangt. Mit Michael an der Spitze war es eine sch\u00f6ne Tour. In Bourscheid wartete dann unser Hotel auf uns.<br \/>\nLeider stehen die Ardennen auch f\u00fcr kriegerische Auseinandersetzungen. Der Besuch eines Soldatenfriedhofes, wir waren in Belgien\/Neupre, war mit wichtig. <img loading=\"lazy\" decoding=\"async\" data-attachment-id=\"2099\" data-permalink=\"https:\/\/www.d-wdel.de\/?attachment_id=2099\" data-orig-file=\"https:\/\/www.d-wdel.de\/wp-content\/uploads\/2016\/10\/Ardennen-86-von-129.jpg\" data-orig-size=\"1500,1125\" data-comments-opened=\"1\" data-image-meta=\"{&quot;aperture&quot;:&quot;1.9&quot;,&quot;credit&quot;:&quot;Thilo Becker&quot;,&quot;camera&quot;:&quot;SM-G903F&quot;,&quot;caption&quot;:&quot;&quot;,&quot;created_timestamp&quot;:&quot;1473516337&quot;,&quot;copyright&quot;:&quot;Thilo Becker&quot;,&quot;focal_length&quot;:&quot;3.7&quot;,&quot;iso&quot;:&quot;100&quot;,&quot;shutter_speed&quot;:&quot;0.00029411764705882&quot;,&quot;title&quot;:&quot;&quot;,&quot;orientation&quot;:&quot;0&quot;}\" data-image-title=\"ardennen-86-von-129\" data-image-description=\"\" data-image-caption=\"\" data-large-file=\"https:\/\/www.d-wdel.de\/wp-content\/uploads\/2016\/10\/Ardennen-86-von-129.jpg\" class=\"aligncenter wp-image-2099 size-full\" src=\"https:\/\/www.d-wdel.de\/wp-content\/uploads\/2016\/10\/Ardennen-86-von-129.jpg\" alt=\"ardennen-86-von-129\" width=\"1500\" height=\"1125\" srcset=\"https:\/\/www.d-wdel.de\/wp-content\/uploads\/2016\/10\/Ardennen-86-von-129.jpg 1500w, https:\/\/www.d-wdel.de\/wp-content\/uploads\/2016\/10\/Ardennen-86-von-129-300x225.jpg 300w, https:\/\/www.d-wdel.de\/wp-content\/uploads\/2016\/10\/Ardennen-86-von-129-768x576.jpg 768w, https:\/\/www.d-wdel.de\/wp-content\/uploads\/2016\/10\/Ardennen-86-von-129-970x728.jpg 970w, https:\/\/www.d-wdel.de\/wp-content\/uploads\/2016\/10\/Ardennen-86-von-129-700x525.jpg 700w\" sizes=\"auto, (max-width: 1500px) 100vw, 1500px\" \/><\/p>\n<p>Danke an die anderen, dass sie das &#8220;ertragen&#8221; haben.<\/p>\n<div class=\"tiled-gallery type-rectangular tiled-gallery-unresized\" data-original-width=\"500\" data-carousel-extra='{&quot;blog_id&quot;:1,&quot;permalink&quot;:&quot;https:\\\/\\\/www.d-wdel.de\\\/?p=2097&quot;,&quot;likes_blog_id&quot;:75985261}' itemscope itemtype=\"http:\/\/schema.org\/ImageGallery\" > <div class=\"gallery-row\" style=\"width: 500px; height: 332px;\" data-original-width=\"500\" data-original-height=\"332\" > <div class=\"gallery-group images-1\" style=\"width: 250px; height: 332px;\" data-original-width=\"250\" data-original-height=\"332\" > <div class=\"tiled-gallery-item tiled-gallery-item-small\" itemprop=\"associatedMedia\" itemscope itemtype=\"http:\/\/schema.org\/ImageObject\"> <a href=\"https:\/\/www.d-wdel.de\/?attachment_id=2100\" border=\"0\" itemprop=\"url\"> <meta itemprop=\"width\" content=\"246\"> <meta itemprop=\"height\" content=\"328\"> <img decoding=\"async\" class=\"\" data-attachment-id=\"2100\" data-orig-file=\"https:\/\/www.d-wdel.de\/wp-content\/uploads\/2016\/10\/Ardennen-1-von-129.jpg\" data-orig-size=\"1125,1500\" data-comments-opened=\"1\" data-image-meta=\"{&quot;aperture&quot;:&quot;1.9&quot;,&quot;credit&quot;:&quot;Thilo Becker&quot;,&quot;camera&quot;:&quot;SM-G903F&quot;,&quot;caption&quot;:&quot;&quot;,&quot;created_timestamp&quot;:&quot;1473493406&quot;,&quot;copyright&quot;:&quot;Thilo Becker&quot;,&quot;focal_length&quot;:&quot;3.7&quot;,&quot;iso&quot;:&quot;64&quot;,&quot;shutter_speed&quot;:&quot;0.125&quot;,&quot;title&quot;:&quot;&quot;,&quot;orientation&quot;:&quot;0&quot;}\" data-image-title=\"ardennen-1-von-129\" data-image-description=\"\" data-medium-file=\"https:\/\/www.d-wdel.de\/wp-content\/uploads\/2016\/10\/Ardennen-1-von-129-225x300.jpg\" data-large-file=\"https:\/\/www.d-wdel.de\/wp-content\/uploads\/2016\/10\/Ardennen-1-von-129.jpg\" src=\"https:\/\/i0.wp.com\/www.d-wdel.de\/wp-content\/uploads\/2016\/10\/Ardennen-1-von-129.jpg?w=246&#038;h=328&#038;ssl=1\" srcset=\"https:\/\/www.d-wdel.de\/wp-content\/uploads\/2016\/10\/Ardennen-1-von-129.jpg 1125w, https:\/\/www.d-wdel.de\/wp-content\/uploads\/2016\/10\/Ardennen-1-von-129-225x300.jpg 225w, https:\/\/www.d-wdel.de\/wp-content\/uploads\/2016\/10\/Ardennen-1-von-129-768x1024.jpg 768w, https:\/\/www.d-wdel.de\/wp-content\/uploads\/2016\/10\/Ardennen-1-von-129-970x1293.jpg 970w, https:\/\/www.d-wdel.de\/wp-content\/uploads\/2016\/10\/Ardennen-1-von-129-700x933.jpg 700w\" width=\"246\" height=\"328\" loading=\"lazy\" data-original-width=\"246\" data-original-height=\"328\" itemprop=\"http:\/\/schema.org\/image\" title=\"ardennen-1-von-129\" alt=\"ardennen-1-von-129\" style=\"width: 246px; height: 328px;\" \/> <\/a> <\/div> <\/div> <!-- close group --> <div class=\"gallery-group images-1\" style=\"width: 250px; height: 332px;\" data-original-width=\"250\" data-original-height=\"332\" > <div class=\"tiled-gallery-item tiled-gallery-item-small\" itemprop=\"associatedMedia\" itemscope itemtype=\"http:\/\/schema.org\/ImageObject\"> <a href=\"https:\/\/www.d-wdel.de\/?attachment_id=2101\" border=\"0\" itemprop=\"url\"> <meta itemprop=\"width\" content=\"246\"> <meta itemprop=\"height\" content=\"328\"> <img decoding=\"async\" class=\"\" data-attachment-id=\"2101\" data-orig-file=\"https:\/\/www.d-wdel.de\/wp-content\/uploads\/2016\/10\/Ardennen-2-von-129.jpg\" data-orig-size=\"1125,1500\" data-comments-opened=\"1\" data-image-meta=\"{&quot;aperture&quot;:&quot;1.9&quot;,&quot;credit&quot;:&quot;Thilo Becker&quot;,&quot;camera&quot;:&quot;SM-G903F&quot;,&quot;caption&quot;:&quot;&quot;,&quot;created_timestamp&quot;:&quot;1473493765&quot;,&quot;copyright&quot;:&quot;Thilo Becker&quot;,&quot;focal_length&quot;:&quot;3.7&quot;,&quot;iso&quot;:&quot;50&quot;,&quot;shutter_speed&quot;:&quot;0.04&quot;,&quot;title&quot;:&quot;&quot;,&quot;orientation&quot;:&quot;0&quot;}\" data-image-title=\"ardennen-2-von-129\" data-image-description=\"\" data-medium-file=\"https:\/\/www.d-wdel.de\/wp-content\/uploads\/2016\/10\/Ardennen-2-von-129-225x300.jpg\" data-large-file=\"https:\/\/www.d-wdel.de\/wp-content\/uploads\/2016\/10\/Ardennen-2-von-129.jpg\" src=\"https:\/\/i0.wp.com\/www.d-wdel.de\/wp-content\/uploads\/2016\/10\/Ardennen-2-von-129.jpg?w=246&#038;h=328&#038;ssl=1\" srcset=\"https:\/\/www.d-wdel.de\/wp-content\/uploads\/2016\/10\/Ardennen-2-von-129.jpg 1125w, https:\/\/www.d-wdel.de\/wp-content\/uploads\/2016\/10\/Ardennen-2-von-129-225x300.jpg 225w, https:\/\/www.d-wdel.de\/wp-content\/uploads\/2016\/10\/Ardennen-2-von-129-768x1024.jpg 768w, https:\/\/www.d-wdel.de\/wp-content\/uploads\/2016\/10\/Ardennen-2-von-129-970x1293.jpg 970w, https:\/\/www.d-wdel.de\/wp-content\/uploads\/2016\/10\/Ardennen-2-von-129-700x933.jpg 700w\" width=\"246\" height=\"328\" loading=\"lazy\" data-original-width=\"246\" data-original-height=\"328\" itemprop=\"http:\/\/schema.org\/image\" title=\"ardennen-2-von-129\" alt=\"ardennen-2-von-129\" style=\"width: 246px; height: 328px;\" \/> <\/a> <\/div> <\/div> <!-- close group --> <\/div> <!-- close row --> <div class=\"gallery-row\" style=\"width: 500px; height: 251px;\" data-original-width=\"500\" data-original-height=\"251\" > <div class=\"gallery-group images-1\" style=\"width: 334px; height: 251px;\" data-original-width=\"334\" data-original-height=\"251\" > <div class=\"tiled-gallery-item tiled-gallery-item-large\" itemprop=\"associatedMedia\" itemscope itemtype=\"http:\/\/schema.org\/ImageObject\"> <a href=\"https:\/\/www.d-wdel.de\/?attachment_id=2102\" border=\"0\" itemprop=\"url\"> <meta itemprop=\"width\" content=\"330\"> <meta itemprop=\"height\" content=\"247\"> <img decoding=\"async\" class=\"\" data-attachment-id=\"2102\" data-orig-file=\"https:\/\/www.d-wdel.de\/wp-content\/uploads\/2016\/10\/Ardennen-5-von-129.jpg\" data-orig-size=\"1500,1125\" data-comments-opened=\"1\" data-image-meta=\"{&quot;aperture&quot;:&quot;2.8&quot;,&quot;credit&quot;:&quot;Thilo Becker&quot;,&quot;camera&quot;:&quot;Hero3-Black Edition&quot;,&quot;caption&quot;:&quot;DCIM112GOPRO&quot;,&quot;created_timestamp&quot;:&quot;1473503571&quot;,&quot;copyright&quot;:&quot;Thilo Becker&quot;,&quot;focal_length&quot;:&quot;2.77&quot;,&quot;iso&quot;:&quot;100&quot;,&quot;shutter_speed&quot;:&quot;0.00090909090909091&quot;,&quot;title&quot;:&quot;DCIM112GOPRO&quot;,&quot;orientation&quot;:&quot;0&quot;}\" data-image-title=\"DCIM112GOPRO\" data-image-description=\"\" data-medium-file=\"https:\/\/www.d-wdel.de\/wp-content\/uploads\/2016\/10\/Ardennen-5-von-129-300x225.jpg\" data-large-file=\"https:\/\/www.d-wdel.de\/wp-content\/uploads\/2016\/10\/Ardennen-5-von-129.jpg\" src=\"https:\/\/i0.wp.com\/www.d-wdel.de\/wp-content\/uploads\/2016\/10\/Ardennen-5-von-129.jpg?w=330&#038;h=247&#038;ssl=1\" srcset=\"https:\/\/www.d-wdel.de\/wp-content\/uploads\/2016\/10\/Ardennen-5-von-129.jpg 1500w, https:\/\/www.d-wdel.de\/wp-content\/uploads\/2016\/10\/Ardennen-5-von-129-300x225.jpg 300w, https:\/\/www.d-wdel.de\/wp-content\/uploads\/2016\/10\/Ardennen-5-von-129-768x576.jpg 768w, https:\/\/www.d-wdel.de\/wp-content\/uploads\/2016\/10\/Ardennen-5-von-129-970x728.jpg 970w, https:\/\/www.d-wdel.de\/wp-content\/uploads\/2016\/10\/Ardennen-5-von-129-700x525.jpg 700w\" width=\"330\" height=\"247\" loading=\"lazy\" data-original-width=\"330\" data-original-height=\"247\" itemprop=\"http:\/\/schema.org\/image\" title=\"DCIM112GOPRO\" alt=\"DCIM112GOPRO\" style=\"width: 330px; height: 247px;\" \/> <\/a> <\/div> <\/div> <!-- close group --> <div class=\"gallery-group images-2\" style=\"width: 166px; height: 251px;\" data-original-width=\"166\" data-original-height=\"251\" > <div class=\"tiled-gallery-item tiled-gallery-item-small\" itemprop=\"associatedMedia\" itemscope itemtype=\"http:\/\/schema.org\/ImageObject\"> <a href=\"https:\/\/www.d-wdel.de\/?attachment_id=2103\" border=\"0\" itemprop=\"url\"> <meta itemprop=\"width\" content=\"162\"> <meta itemprop=\"height\" content=\"122\"> <img decoding=\"async\" class=\"\" data-attachment-id=\"2103\" data-orig-file=\"https:\/\/www.d-wdel.de\/wp-content\/uploads\/2016\/10\/Ardennen-7-von-129.jpg\" data-orig-size=\"1500,1125\" data-comments-opened=\"1\" data-image-meta=\"{&quot;aperture&quot;:&quot;2.8&quot;,&quot;credit&quot;:&quot;Thilo Becker&quot;,&quot;camera&quot;:&quot;Hero3-Black Edition&quot;,&quot;caption&quot;:&quot;DCIM112GOPRO&quot;,&quot;created_timestamp&quot;:&quot;1473504023&quot;,&quot;copyright&quot;:&quot;Thilo Becker&quot;,&quot;focal_length&quot;:&quot;2.77&quot;,&quot;iso&quot;:&quot;100&quot;,&quot;shutter_speed&quot;:&quot;0.00066666666666667&quot;,&quot;title&quot;:&quot;DCIM112GOPRO&quot;,&quot;orientation&quot;:&quot;0&quot;}\" data-image-title=\"DCIM112GOPRO\" data-image-description=\"\" data-medium-file=\"https:\/\/www.d-wdel.de\/wp-content\/uploads\/2016\/10\/Ardennen-7-von-129-300x225.jpg\" data-large-file=\"https:\/\/www.d-wdel.de\/wp-content\/uploads\/2016\/10\/Ardennen-7-von-129.jpg\" src=\"https:\/\/i0.wp.com\/www.d-wdel.de\/wp-content\/uploads\/2016\/10\/Ardennen-7-von-129.jpg?w=162&#038;h=122&#038;ssl=1\" srcset=\"https:\/\/www.d-wdel.de\/wp-content\/uploads\/2016\/10\/Ardennen-7-von-129.jpg 1500w, https:\/\/www.d-wdel.de\/wp-content\/uploads\/2016\/10\/Ardennen-7-von-129-300x225.jpg 300w, https:\/\/www.d-wdel.de\/wp-content\/uploads\/2016\/10\/Ardennen-7-von-129-768x576.jpg 768w, https:\/\/www.d-wdel.de\/wp-content\/uploads\/2016\/10\/Ardennen-7-von-129-970x728.jpg 970w, https:\/\/www.d-wdel.de\/wp-content\/uploads\/2016\/10\/Ardennen-7-von-129-700x525.jpg 700w\" width=\"162\" height=\"122\" loading=\"lazy\" data-original-width=\"162\" data-original-height=\"122\" itemprop=\"http:\/\/schema.org\/image\" title=\"DCIM112GOPRO\" alt=\"DCIM112GOPRO\" style=\"width: 162px; height: 122px;\" \/> <\/a> <\/div> <div class=\"tiled-gallery-item tiled-gallery-item-small\" itemprop=\"associatedMedia\" itemscope itemtype=\"http:\/\/schema.org\/ImageObject\"> <a href=\"https:\/\/www.d-wdel.de\/?attachment_id=2104\" border=\"0\" itemprop=\"url\"> <meta itemprop=\"width\" content=\"162\"> <meta itemprop=\"height\" content=\"121\"> <img decoding=\"async\" class=\"\" data-attachment-id=\"2104\" data-orig-file=\"https:\/\/www.d-wdel.de\/wp-content\/uploads\/2016\/10\/Ardennen-9-von-129.jpg\" data-orig-size=\"1500,1125\" data-comments-opened=\"1\" data-image-meta=\"{&quot;aperture&quot;:&quot;2.8&quot;,&quot;credit&quot;:&quot;Thilo Becker&quot;,&quot;camera&quot;:&quot;Hero3-Black Edition&quot;,&quot;caption&quot;:&quot;DCIM112GOPRO&quot;,&quot;created_timestamp&quot;:&quot;1473504353&quot;,&quot;copyright&quot;:&quot;Thilo Becker&quot;,&quot;focal_length&quot;:&quot;2.77&quot;,&quot;iso&quot;:&quot;100&quot;,&quot;shutter_speed&quot;:&quot;0.001&quot;,&quot;title&quot;:&quot;DCIM112GOPRO&quot;,&quot;orientation&quot;:&quot;0&quot;}\" data-image-title=\"DCIM112GOPRO\" data-image-description=\"\" data-medium-file=\"https:\/\/www.d-wdel.de\/wp-content\/uploads\/2016\/10\/Ardennen-9-von-129-300x225.jpg\" data-large-file=\"https:\/\/www.d-wdel.de\/wp-content\/uploads\/2016\/10\/Ardennen-9-von-129.jpg\" src=\"https:\/\/i0.wp.com\/www.d-wdel.de\/wp-content\/uploads\/2016\/10\/Ardennen-9-von-129.jpg?w=162&#038;h=121&#038;ssl=1\" srcset=\"https:\/\/www.d-wdel.de\/wp-content\/uploads\/2016\/10\/Ardennen-9-von-129.jpg 1500w, https:\/\/www.d-wdel.de\/wp-content\/uploads\/2016\/10\/Ardennen-9-von-129-300x225.jpg 300w, https:\/\/www.d-wdel.de\/wp-content\/uploads\/2016\/10\/Ardennen-9-von-129-768x576.jpg 768w, https:\/\/www.d-wdel.de\/wp-content\/uploads\/2016\/10\/Ardennen-9-von-129-970x728.jpg 970w, https:\/\/www.d-wdel.de\/wp-content\/uploads\/2016\/10\/Ardennen-9-von-129-700x525.jpg 700w\" width=\"162\" height=\"121\" loading=\"lazy\" data-original-width=\"162\" data-original-height=\"121\" itemprop=\"http:\/\/schema.org\/image\" title=\"DCIM112GOPRO\" alt=\"DCIM112GOPRO\" style=\"width: 162px; height: 121px;\" \/> <\/a> <\/div> <\/div> <!-- close group --> <\/div> <!-- close row --> <div class=\"gallery-row\" style=\"width: 500px; height: 112px;\" data-original-width=\"500\" data-original-height=\"112\" > <div class=\"gallery-group images-1\" style=\"width: 167px; height: 112px;\" data-original-width=\"167\" data-original-height=\"112\" > <div class=\"tiled-gallery-item tiled-gallery-item-small\" itemprop=\"associatedMedia\" itemscope itemtype=\"http:\/\/schema.org\/ImageObject\"> <a href=\"https:\/\/www.d-wdel.de\/?attachment_id=2105\" border=\"0\" itemprop=\"url\"> <meta itemprop=\"width\" content=\"163\"> <meta itemprop=\"height\" content=\"108\"> <img decoding=\"async\" class=\"\" data-attachment-id=\"2105\" data-orig-file=\"https:\/\/www.d-wdel.de\/wp-content\/uploads\/2016\/10\/Ardennen-12-von-129.jpg\" data-orig-size=\"1500,997\" data-comments-opened=\"1\" data-image-meta=\"{&quot;aperture&quot;:&quot;7.1&quot;,&quot;credit&quot;:&quot;Thilo Becker&quot;,&quot;camera&quot;:&quot;PENTAX K-3 II&quot;,&quot;caption&quot;:&quot;&quot;,&quot;created_timestamp&quot;:&quot;1473505308&quot;,&quot;copyright&quot;:&quot;Thilo Becker&quot;,&quot;focal_length&quot;:&quot;18&quot;,&quot;iso&quot;:&quot;100&quot;,&quot;shutter_speed&quot;:&quot;0.01&quot;,&quot;title&quot;:&quot;&quot;,&quot;orientation&quot;:&quot;0&quot;}\" data-image-title=\"ardennen-12-von-129\" data-image-description=\"\" data-medium-file=\"https:\/\/www.d-wdel.de\/wp-content\/uploads\/2016\/10\/Ardennen-12-von-129-300x199.jpg\" data-large-file=\"https:\/\/www.d-wdel.de\/wp-content\/uploads\/2016\/10\/Ardennen-12-von-129.jpg\" src=\"https:\/\/i0.wp.com\/www.d-wdel.de\/wp-content\/uploads\/2016\/10\/Ardennen-12-von-129.jpg?w=163&#038;h=108&#038;ssl=1\" srcset=\"https:\/\/www.d-wdel.de\/wp-content\/uploads\/2016\/10\/Ardennen-12-von-129.jpg 1500w, https:\/\/www.d-wdel.de\/wp-content\/uploads\/2016\/10\/Ardennen-12-von-129-300x199.jpg 300w, https:\/\/www.d-wdel.de\/wp-content\/uploads\/2016\/10\/Ardennen-12-von-129-768x510.jpg 768w\" width=\"163\" height=\"108\" loading=\"lazy\" data-original-width=\"163\" data-original-height=\"108\" itemprop=\"http:\/\/schema.org\/image\" title=\"ardennen-12-von-129\" alt=\"In La Roche-en-Ardenne\" style=\"width: 163px; height: 108px;\" \/> <\/a> <div class=\"tiled-gallery-caption\" itemprop=\"caption description\"> In La Roche-en-Ardenne <\/div> <\/div> <\/div> <!-- close group --> <div class=\"gallery-group images-1\" style=\"width: 167px; height: 112px;\" data-original-width=\"167\" data-original-height=\"112\" > <div class=\"tiled-gallery-item tiled-gallery-item-small\" itemprop=\"associatedMedia\" itemscope itemtype=\"http:\/\/schema.org\/ImageObject\"> <a href=\"https:\/\/www.d-wdel.de\/?attachment_id=2106\" border=\"0\" itemprop=\"url\"> <meta itemprop=\"width\" content=\"163\"> <meta itemprop=\"height\" content=\"108\"> <img decoding=\"async\" class=\"\" data-attachment-id=\"2106\" data-orig-file=\"https:\/\/www.d-wdel.de\/wp-content\/uploads\/2016\/10\/Ardennen-13-von-129.jpg\" data-orig-size=\"1500,997\" data-comments-opened=\"1\" data-image-meta=\"{&quot;aperture&quot;:&quot;3.5&quot;,&quot;credit&quot;:&quot;Thilo Becker&quot;,&quot;camera&quot;:&quot;PENTAX K-3 II&quot;,&quot;caption&quot;:&quot;&quot;,&quot;created_timestamp&quot;:&quot;1473505406&quot;,&quot;copyright&quot;:&quot;Thilo Becker&quot;,&quot;focal_length&quot;:&quot;18&quot;,&quot;iso&quot;:&quot;400&quot;,&quot;shutter_speed&quot;:&quot;0.0003125&quot;,&quot;title&quot;:&quot;&quot;,&quot;orientation&quot;:&quot;0&quot;}\" data-image-title=\"ardennen-13-von-129\" data-image-description=\"\" data-medium-file=\"https:\/\/www.d-wdel.de\/wp-content\/uploads\/2016\/10\/Ardennen-13-von-129-300x199.jpg\" data-large-file=\"https:\/\/www.d-wdel.de\/wp-content\/uploads\/2016\/10\/Ardennen-13-von-129.jpg\" src=\"https:\/\/i0.wp.com\/www.d-wdel.de\/wp-content\/uploads\/2016\/10\/Ardennen-13-von-129.jpg?w=163&#038;h=108&#038;ssl=1\" srcset=\"https:\/\/www.d-wdel.de\/wp-content\/uploads\/2016\/10\/Ardennen-13-von-129.jpg 1500w, https:\/\/www.d-wdel.de\/wp-content\/uploads\/2016\/10\/Ardennen-13-von-129-300x199.jpg 300w, https:\/\/www.d-wdel.de\/wp-content\/uploads\/2016\/10\/Ardennen-13-von-129-768x510.jpg 768w\" width=\"163\" height=\"108\" loading=\"lazy\" data-original-width=\"163\" data-original-height=\"108\" itemprop=\"http:\/\/schema.org\/image\" title=\"ardennen-13-von-129\" alt=\"ardennen-13-von-129\" style=\"width: 163px; height: 108px;\" \/> <\/a> <\/div> <\/div> <!-- close group --> <div class=\"gallery-group images-1\" style=\"width: 166px; height: 112px;\" data-original-width=\"166\" data-original-height=\"112\" > <div class=\"tiled-gallery-item tiled-gallery-item-small\" itemprop=\"associatedMedia\" itemscope itemtype=\"http:\/\/schema.org\/ImageObject\"> <a href=\"https:\/\/www.d-wdel.de\/?attachment_id=2107\" border=\"0\" itemprop=\"url\"> <meta itemprop=\"width\" content=\"162\"> <meta itemprop=\"height\" content=\"108\"> <img decoding=\"async\" class=\"\" data-attachment-id=\"2107\" data-orig-file=\"https:\/\/www.d-wdel.de\/wp-content\/uploads\/2016\/10\/Ardennen-15-von-129.jpg\" data-orig-size=\"1500,997\" data-comments-opened=\"1\" data-image-meta=\"{&quot;aperture&quot;:&quot;5.6&quot;,&quot;credit&quot;:&quot;Thilo Becker&quot;,&quot;camera&quot;:&quot;PENTAX K-3 II&quot;,&quot;caption&quot;:&quot;&quot;,&quot;created_timestamp&quot;:&quot;1473505478&quot;,&quot;copyright&quot;:&quot;Thilo Becker&quot;,&quot;focal_length&quot;:&quot;20&quot;,&quot;iso&quot;:&quot;100&quot;,&quot;shutter_speed&quot;:&quot;0.0125&quot;,&quot;title&quot;:&quot;&quot;,&quot;orientation&quot;:&quot;0&quot;}\" data-image-title=\"ardennen-15-von-129\" data-image-description=\"\" data-medium-file=\"https:\/\/www.d-wdel.de\/wp-content\/uploads\/2016\/10\/Ardennen-15-von-129-300x199.jpg\" data-large-file=\"https:\/\/www.d-wdel.de\/wp-content\/uploads\/2016\/10\/Ardennen-15-von-129.jpg\" src=\"https:\/\/i0.wp.com\/www.d-wdel.de\/wp-content\/uploads\/2016\/10\/Ardennen-15-von-129.jpg?w=162&#038;h=108&#038;ssl=1\" srcset=\"https:\/\/www.d-wdel.de\/wp-content\/uploads\/2016\/10\/Ardennen-15-von-129.jpg 1500w, https:\/\/www.d-wdel.de\/wp-content\/uploads\/2016\/10\/Ardennen-15-von-129-300x199.jpg 300w, https:\/\/www.d-wdel.de\/wp-content\/uploads\/2016\/10\/Ardennen-15-von-129-768x510.jpg 768w\" width=\"162\" height=\"108\" loading=\"lazy\" data-original-width=\"162\" data-original-height=\"108\" itemprop=\"http:\/\/schema.org\/image\" title=\"ardennen-15-von-129\" alt=\"ardennen-15-von-129\" style=\"width: 162px; height: 108px;\" \/> <\/a> <\/div> <\/div> <!-- close group --> <\/div> <!-- close row --> <div class=\"gallery-row\" style=\"width: 500px; height: 231px;\" data-original-width=\"500\" data-original-height=\"231\" > <div class=\"gallery-group images-1\" style=\"width: 345px; height: 231px;\" data-original-width=\"345\" data-original-height=\"231\" > <div class=\"tiled-gallery-item tiled-gallery-item-large\" itemprop=\"associatedMedia\" itemscope itemtype=\"http:\/\/schema.org\/ImageObject\"> <a href=\"https:\/\/www.d-wdel.de\/?attachment_id=2108\" border=\"0\" itemprop=\"url\"> <meta itemprop=\"width\" content=\"341\"> <meta itemprop=\"height\" content=\"227\"> <img decoding=\"async\" class=\"\" data-attachment-id=\"2108\" data-orig-file=\"https:\/\/www.d-wdel.de\/wp-content\/uploads\/2016\/10\/Ardennen-18-von-129.jpg\" data-orig-size=\"1500,997\" data-comments-opened=\"1\" data-image-meta=\"{&quot;aperture&quot;:&quot;22&quot;,&quot;credit&quot;:&quot;Thilo Becker&quot;,&quot;camera&quot;:&quot;PENTAX K-3 II&quot;,&quot;caption&quot;:&quot;&quot;,&quot;created_timestamp&quot;:&quot;1473505675&quot;,&quot;copyright&quot;:&quot;Thilo Becker&quot;,&quot;focal_length&quot;:&quot;21.25&quot;,&quot;iso&quot;:&quot;100&quot;,&quot;shutter_speed&quot;:&quot;0.033333333333333&quot;,&quot;title&quot;:&quot;&quot;,&quot;orientation&quot;:&quot;0&quot;}\" data-image-title=\"ardennen-18-von-129\" data-image-description=\"\" data-medium-file=\"https:\/\/www.d-wdel.de\/wp-content\/uploads\/2016\/10\/Ardennen-18-von-129-300x199.jpg\" data-large-file=\"https:\/\/www.d-wdel.de\/wp-content\/uploads\/2016\/10\/Ardennen-18-von-129.jpg\" src=\"https:\/\/i0.wp.com\/www.d-wdel.de\/wp-content\/uploads\/2016\/10\/Ardennen-18-von-129.jpg?w=341&#038;h=227&#038;ssl=1\" srcset=\"https:\/\/www.d-wdel.de\/wp-content\/uploads\/2016\/10\/Ardennen-18-von-129.jpg 1500w, https:\/\/www.d-wdel.de\/wp-content\/uploads\/2016\/10\/Ardennen-18-von-129-300x199.jpg 300w, https:\/\/www.d-wdel.de\/wp-content\/uploads\/2016\/10\/Ardennen-18-von-129-768x510.jpg 768w\" width=\"341\" height=\"227\" loading=\"lazy\" data-original-width=\"341\" data-original-height=\"227\" itemprop=\"http:\/\/schema.org\/image\" title=\"ardennen-18-von-129\" alt=\"ardennen-18-von-129\" style=\"width: 341px; height: 227px;\" \/> <\/a> <\/div> <\/div> <!-- close group --> <div class=\"gallery-group images-1\" style=\"width: 155px; height: 231px;\" data-original-width=\"155\" data-original-height=\"231\" > <div class=\"tiled-gallery-item tiled-gallery-item-small\" itemprop=\"associatedMedia\" itemscope itemtype=\"http:\/\/schema.org\/ImageObject\"> <a href=\"https:\/\/www.d-wdel.de\/?attachment_id=2109\" border=\"0\" itemprop=\"url\"> <meta itemprop=\"width\" content=\"151\"> <meta itemprop=\"height\" content=\"227\"> <img decoding=\"async\" class=\"\" data-attachment-id=\"2109\" data-orig-file=\"https:\/\/www.d-wdel.de\/wp-content\/uploads\/2016\/10\/Ardennen-20-von-129.jpg\" data-orig-size=\"997,1500\" data-comments-opened=\"1\" data-image-meta=\"{&quot;aperture&quot;:&quot;22&quot;,&quot;credit&quot;:&quot;Thilo Becker&quot;,&quot;camera&quot;:&quot;PENTAX K-3 II&quot;,&quot;caption&quot;:&quot;&quot;,&quot;created_timestamp&quot;:&quot;1473505728&quot;,&quot;copyright&quot;:&quot;Thilo Becker&quot;,&quot;focal_length&quot;:&quot;18&quot;,&quot;iso&quot;:&quot;100&quot;,&quot;shutter_speed&quot;:&quot;0.04&quot;,&quot;title&quot;:&quot;&quot;,&quot;orientation&quot;:&quot;0&quot;}\" data-image-title=\"ardennen-20-von-129\" data-image-description=\"\" data-medium-file=\"https:\/\/www.d-wdel.de\/wp-content\/uploads\/2016\/10\/Ardennen-20-von-129-199x300.jpg\" data-large-file=\"https:\/\/www.d-wdel.de\/wp-content\/uploads\/2016\/10\/Ardennen-20-von-129.jpg\" src=\"https:\/\/i0.wp.com\/www.d-wdel.de\/wp-content\/uploads\/2016\/10\/Ardennen-20-von-129.jpg?w=151&#038;h=227&#038;ssl=1\" srcset=\"https:\/\/www.d-wdel.de\/wp-content\/uploads\/2016\/10\/Ardennen-20-von-129.jpg 997w, https:\/\/www.d-wdel.de\/wp-content\/uploads\/2016\/10\/Ardennen-20-von-129-199x300.jpg 199w, https:\/\/www.d-wdel.de\/wp-content\/uploads\/2016\/10\/Ardennen-20-von-129-768x1155.jpg 768w\" width=\"151\" height=\"227\" loading=\"lazy\" data-original-width=\"151\" data-original-height=\"227\" itemprop=\"http:\/\/schema.org\/image\" title=\"ardennen-20-von-129\" alt=\"ardennen-20-von-129\" style=\"width: 151px; height: 227px;\" \/> <\/a> <\/div> <\/div> <!-- close group --> <\/div> <!-- close row --> <div class=\"gallery-row\" style=\"width: 500px; height: 226px;\" data-original-width=\"500\" data-original-height=\"226\" > <div class=\"gallery-group images-2\" style=\"width: 158px; height: 226px;\" data-original-width=\"158\" data-original-height=\"226\" > <div class=\"tiled-gallery-item tiled-gallery-item-small\" itemprop=\"associatedMedia\" itemscope itemtype=\"http:\/\/schema.org\/ImageObject\"> <a href=\"https:\/\/www.d-wdel.de\/?attachment_id=2110\" border=\"0\" itemprop=\"url\"> <meta itemprop=\"width\" content=\"154\"> <meta itemprop=\"height\" content=\"102\"> <img decoding=\"async\" class=\"\" data-attachment-id=\"2110\" data-orig-file=\"https:\/\/www.d-wdel.de\/wp-content\/uploads\/2016\/10\/Ardennen-28-von-129.jpg\" data-orig-size=\"1500,997\" data-comments-opened=\"1\" data-image-meta=\"{&quot;aperture&quot;:&quot;8&quot;,&quot;credit&quot;:&quot;Thilo Becker&quot;,&quot;camera&quot;:&quot;PENTAX K-3 II&quot;,&quot;caption&quot;:&quot;&quot;,&quot;created_timestamp&quot;:&quot;1473506315&quot;,&quot;copyright&quot;:&quot;Thilo Becker&quot;,&quot;focal_length&quot;:&quot;24.38&quot;,&quot;iso&quot;:&quot;100&quot;,&quot;shutter_speed&quot;:&quot;0.005&quot;,&quot;title&quot;:&quot;&quot;,&quot;orientation&quot;:&quot;0&quot;}\" data-image-title=\"ardennen-28-von-129\" data-image-description=\"\" data-medium-file=\"https:\/\/www.d-wdel.de\/wp-content\/uploads\/2016\/10\/Ardennen-28-von-129-300x199.jpg\" data-large-file=\"https:\/\/www.d-wdel.de\/wp-content\/uploads\/2016\/10\/Ardennen-28-von-129.jpg\" src=\"https:\/\/i0.wp.com\/www.d-wdel.de\/wp-content\/uploads\/2016\/10\/Ardennen-28-von-129.jpg?w=154&#038;h=102&#038;ssl=1\" srcset=\"https:\/\/www.d-wdel.de\/wp-content\/uploads\/2016\/10\/Ardennen-28-von-129.jpg 1500w, https:\/\/www.d-wdel.de\/wp-content\/uploads\/2016\/10\/Ardennen-28-von-129-300x199.jpg 300w, https:\/\/www.d-wdel.de\/wp-content\/uploads\/2016\/10\/Ardennen-28-von-129-768x510.jpg 768w\" width=\"154\" height=\"102\" loading=\"lazy\" data-original-width=\"154\" data-original-height=\"102\" itemprop=\"http:\/\/schema.org\/image\" title=\"ardennen-28-von-129\" alt=\"ardennen-28-von-129\" style=\"width: 154px; height: 102px;\" \/> <\/a> <\/div> <div class=\"tiled-gallery-item tiled-gallery-item-small\" itemprop=\"associatedMedia\" itemscope itemtype=\"http:\/\/schema.org\/ImageObject\"> <a href=\"https:\/\/www.d-wdel.de\/?attachment_id=2111\" border=\"0\" itemprop=\"url\"> <meta itemprop=\"width\" content=\"154\"> <meta itemprop=\"height\" content=\"116\"> <img decoding=\"async\" class=\"\" data-attachment-id=\"2111\" data-orig-file=\"https:\/\/www.d-wdel.de\/wp-content\/uploads\/2016\/10\/Ardennen-32-von-129.jpg\" data-orig-size=\"1500,1125\" data-comments-opened=\"1\" data-image-meta=\"{&quot;aperture&quot;:&quot;1.9&quot;,&quot;credit&quot;:&quot;Thilo Becker&quot;,&quot;camera&quot;:&quot;SM-G903F&quot;,&quot;caption&quot;:&quot;&quot;,&quot;created_timestamp&quot;:&quot;1473509391&quot;,&quot;copyright&quot;:&quot;Thilo Becker&quot;,&quot;focal_length&quot;:&quot;3.7&quot;,&quot;iso&quot;:&quot;100&quot;,&quot;shutter_speed&quot;:&quot;0.00029411764705882&quot;,&quot;title&quot;:&quot;&quot;,&quot;orientation&quot;:&quot;0&quot;}\" data-image-title=\"ardennen-32-von-129\" data-image-description=\"\" data-medium-file=\"https:\/\/www.d-wdel.de\/wp-content\/uploads\/2016\/10\/Ardennen-32-von-129-300x225.jpg\" data-large-file=\"https:\/\/www.d-wdel.de\/wp-content\/uploads\/2016\/10\/Ardennen-32-von-129.jpg\" src=\"https:\/\/i0.wp.com\/www.d-wdel.de\/wp-content\/uploads\/2016\/10\/Ardennen-32-von-129.jpg?w=154&#038;h=116&#038;ssl=1\" srcset=\"https:\/\/www.d-wdel.de\/wp-content\/uploads\/2016\/10\/Ardennen-32-von-129.jpg 1500w, https:\/\/www.d-wdel.de\/wp-content\/uploads\/2016\/10\/Ardennen-32-von-129-300x225.jpg 300w, https:\/\/www.d-wdel.de\/wp-content\/uploads\/2016\/10\/Ardennen-32-von-129-768x576.jpg 768w, https:\/\/www.d-wdel.de\/wp-content\/uploads\/2016\/10\/Ardennen-32-von-129-970x728.jpg 970w, https:\/\/www.d-wdel.de\/wp-content\/uploads\/2016\/10\/Ardennen-32-von-129-700x525.jpg 700w\" width=\"154\" height=\"116\" loading=\"lazy\" data-original-width=\"154\" data-original-height=\"116\" itemprop=\"http:\/\/schema.org\/image\" title=\"ardennen-32-von-129\" alt=\"ardennen-32-von-129\" style=\"width: 154px; height: 116px;\" \/> <\/a> <\/div> <\/div> <!-- close group --> <div class=\"gallery-group images-1\" style=\"width: 342px; height: 226px;\" data-original-width=\"342\" data-original-height=\"226\" > <div class=\"tiled-gallery-item tiled-gallery-item-large\" itemprop=\"associatedMedia\" itemscope itemtype=\"http:\/\/schema.org\/ImageObject\"> <a href=\"https:\/\/www.d-wdel.de\/?attachment_id=2112\" border=\"0\" itemprop=\"url\"> <meta itemprop=\"width\" content=\"338\"> <meta itemprop=\"height\" content=\"222\"> <img decoding=\"async\" class=\"\" data-attachment-id=\"2112\" data-orig-file=\"https:\/\/www.d-wdel.de\/wp-content\/uploads\/2016\/10\/Ardennen-34-von-129.jpg\" data-orig-size=\"1500,983\" data-comments-opened=\"1\" data-image-meta=\"{&quot;aperture&quot;:&quot;1.9&quot;,&quot;credit&quot;:&quot;Thilo Becker&quot;,&quot;camera&quot;:&quot;SM-G903F&quot;,&quot;caption&quot;:&quot;&quot;,&quot;created_timestamp&quot;:&quot;1473509428&quot;,&quot;copyright&quot;:&quot;Thilo Becker&quot;,&quot;focal_length&quot;:&quot;3.7&quot;,&quot;iso&quot;:&quot;100&quot;,&quot;shutter_speed&quot;:&quot;0.0004&quot;,&quot;title&quot;:&quot;&quot;,&quot;orientation&quot;:&quot;0&quot;}\" data-image-title=\"ardennen-34-von-129\" data-image-description=\"\" data-medium-file=\"https:\/\/www.d-wdel.de\/wp-content\/uploads\/2016\/10\/Ardennen-34-von-129-300x197.jpg\" data-large-file=\"https:\/\/www.d-wdel.de\/wp-content\/uploads\/2016\/10\/Ardennen-34-von-129.jpg\" src=\"https:\/\/i0.wp.com\/www.d-wdel.de\/wp-content\/uploads\/2016\/10\/Ardennen-34-von-129.jpg?w=338&#038;h=222&#038;ssl=1\" srcset=\"https:\/\/www.d-wdel.de\/wp-content\/uploads\/2016\/10\/Ardennen-34-von-129.jpg 1500w, https:\/\/www.d-wdel.de\/wp-content\/uploads\/2016\/10\/Ardennen-34-von-129-300x197.jpg 300w, https:\/\/www.d-wdel.de\/wp-content\/uploads\/2016\/10\/Ardennen-34-von-129-768x503.jpg 768w\" width=\"338\" height=\"222\" loading=\"lazy\" data-original-width=\"338\" data-original-height=\"222\" itemprop=\"http:\/\/schema.org\/image\" title=\"ardennen-34-von-129\" alt=\"ardennen-34-von-129\" style=\"width: 338px; height: 222px;\" \/> <\/a> <\/div> <\/div> <!-- close group --> <\/div> <!-- close row --> <div class=\"gallery-row\" style=\"width: 500px; height: 168px;\" data-original-width=\"500\" data-original-height=\"168\" > <div class=\"gallery-group images-1\" style=\"width: 250px; height: 168px;\" data-original-width=\"250\" data-original-height=\"168\" > <div class=\"tiled-gallery-item tiled-gallery-item-small\" itemprop=\"associatedMedia\" itemscope itemtype=\"http:\/\/schema.org\/ImageObject\"> <a href=\"https:\/\/www.d-wdel.de\/?attachment_id=2113\" border=\"0\" itemprop=\"url\"> <meta itemprop=\"width\" content=\"246\"> <meta itemprop=\"height\" content=\"164\"> <img decoding=\"async\" class=\"\" data-attachment-id=\"2113\" data-orig-file=\"https:\/\/www.d-wdel.de\/wp-content\/uploads\/2016\/10\/Ardennen-39-von-129.jpg\" data-orig-size=\"1500,997\" data-comments-opened=\"1\" data-image-meta=\"{&quot;aperture&quot;:&quot;8&quot;,&quot;credit&quot;:&quot;Thilo Becker&quot;,&quot;camera&quot;:&quot;PENTAX K-3 II&quot;,&quot;caption&quot;:&quot;&quot;,&quot;created_timestamp&quot;:&quot;1473512865&quot;,&quot;copyright&quot;:&quot;Thilo Becker&quot;,&quot;focal_length&quot;:&quot;18&quot;,&quot;iso&quot;:&quot;100&quot;,&quot;shutter_speed&quot;:&quot;0.002&quot;,&quot;title&quot;:&quot;&quot;,&quot;orientation&quot;:&quot;0&quot;}\" data-image-title=\"ardennen-39-von-129\" data-image-description=\"\" data-medium-file=\"https:\/\/www.d-wdel.de\/wp-content\/uploads\/2016\/10\/Ardennen-39-von-129-300x199.jpg\" data-large-file=\"https:\/\/www.d-wdel.de\/wp-content\/uploads\/2016\/10\/Ardennen-39-von-129.jpg\" src=\"https:\/\/i0.wp.com\/www.d-wdel.de\/wp-content\/uploads\/2016\/10\/Ardennen-39-von-129.jpg?w=246&#038;h=164&#038;ssl=1\" srcset=\"https:\/\/www.d-wdel.de\/wp-content\/uploads\/2016\/10\/Ardennen-39-von-129.jpg 1500w, https:\/\/www.d-wdel.de\/wp-content\/uploads\/2016\/10\/Ardennen-39-von-129-300x199.jpg 300w, https:\/\/www.d-wdel.de\/wp-content\/uploads\/2016\/10\/Ardennen-39-von-129-768x510.jpg 768w\" width=\"246\" height=\"164\" loading=\"lazy\" data-original-width=\"246\" data-original-height=\"164\" itemprop=\"http:\/\/schema.org\/image\" title=\"ardennen-39-von-129\" alt=\"ardennen-39-von-129\" style=\"width: 246px; height: 164px;\" \/> <\/a> <\/div> <\/div> <!-- close group --> <div class=\"gallery-group images-1\" style=\"width: 250px; height: 168px;\" data-original-width=\"250\" data-original-height=\"168\" > <div class=\"tiled-gallery-item tiled-gallery-item-small\" itemprop=\"associatedMedia\" itemscope itemtype=\"http:\/\/schema.org\/ImageObject\"> <a href=\"https:\/\/www.d-wdel.de\/?attachment_id=2114\" border=\"0\" itemprop=\"url\"> <meta itemprop=\"width\" content=\"246\"> <meta itemprop=\"height\" content=\"164\"> <img decoding=\"async\" class=\"\" data-attachment-id=\"2114\" data-orig-file=\"https:\/\/www.d-wdel.de\/wp-content\/uploads\/2016\/10\/Ardennen-42-von-129.jpg\" data-orig-size=\"1500,997\" data-comments-opened=\"1\" data-image-meta=\"{&quot;aperture&quot;:&quot;8&quot;,&quot;credit&quot;:&quot;Thilo Becker&quot;,&quot;camera&quot;:&quot;PENTAX K-3 II&quot;,&quot;caption&quot;:&quot;&quot;,&quot;created_timestamp&quot;:&quot;1473513006&quot;,&quot;copyright&quot;:&quot;Thilo Becker&quot;,&quot;focal_length&quot;:&quot;77.5&quot;,&quot;iso&quot;:&quot;100&quot;,&quot;shutter_speed&quot;:&quot;0.001&quot;,&quot;title&quot;:&quot;&quot;,&quot;orientation&quot;:&quot;0&quot;}\" data-image-title=\"ardennen-42-von-129\" data-image-description=\"\" data-medium-file=\"https:\/\/www.d-wdel.de\/wp-content\/uploads\/2016\/10\/Ardennen-42-von-129-300x199.jpg\" data-large-file=\"https:\/\/www.d-wdel.de\/wp-content\/uploads\/2016\/10\/Ardennen-42-von-129.jpg\" src=\"https:\/\/i0.wp.com\/www.d-wdel.de\/wp-content\/uploads\/2016\/10\/Ardennen-42-von-129.jpg?w=246&#038;h=164&#038;ssl=1\" srcset=\"https:\/\/www.d-wdel.de\/wp-content\/uploads\/2016\/10\/Ardennen-42-von-129.jpg 1500w, https:\/\/www.d-wdel.de\/wp-content\/uploads\/2016\/10\/Ardennen-42-von-129-300x199.jpg 300w, https:\/\/www.d-wdel.de\/wp-content\/uploads\/2016\/10\/Ardennen-42-von-129-768x510.jpg 768w\" width=\"246\" height=\"164\" loading=\"lazy\" data-original-width=\"246\" data-original-height=\"164\" itemprop=\"http:\/\/schema.org\/image\" title=\"ardennen-42-von-129\" alt=\"ardennen-42-von-129\" style=\"width: 246px; height: 164px;\" \/> <\/a> <\/div> <\/div> <!-- close group --> <\/div> <!-- close row --> <div class=\"gallery-row\" style=\"width: 500px; height: 186px;\" data-original-width=\"500\" data-original-height=\"186\" > <div class=\"gallery-group images-1\" style=\"width: 125px; height: 186px;\" data-original-width=\"125\" data-original-height=\"186\" > <div class=\"tiled-gallery-item tiled-gallery-item-small\" itemprop=\"associatedMedia\" itemscope itemtype=\"http:\/\/schema.org\/ImageObject\"> <a href=\"https:\/\/www.d-wdel.de\/?attachment_id=2115\" border=\"0\" itemprop=\"url\"> <meta itemprop=\"width\" content=\"121\"> <meta itemprop=\"height\" content=\"182\"> <img decoding=\"async\" class=\"\" data-attachment-id=\"2115\" data-orig-file=\"https:\/\/www.d-wdel.de\/wp-content\/uploads\/2016\/10\/Ardennen-43-von-129.jpg\" data-orig-size=\"997,1500\" data-comments-opened=\"1\" data-image-meta=\"{&quot;aperture&quot;:&quot;8&quot;,&quot;credit&quot;:&quot;Thilo Becker&quot;,&quot;camera&quot;:&quot;PENTAX K-3 II&quot;,&quot;caption&quot;:&quot;&quot;,&quot;created_timestamp&quot;:&quot;1473513028&quot;,&quot;copyright&quot;:&quot;Thilo Becker&quot;,&quot;focal_length&quot;:&quot;55&quot;,&quot;iso&quot;:&quot;100&quot;,&quot;shutter_speed&quot;:&quot;0.001&quot;,&quot;title&quot;:&quot;&quot;,&quot;orientation&quot;:&quot;0&quot;}\" data-image-title=\"ardennen-43-von-129\" data-image-description=\"\" data-medium-file=\"https:\/\/www.d-wdel.de\/wp-content\/uploads\/2016\/10\/Ardennen-43-von-129-199x300.jpg\" data-large-file=\"https:\/\/www.d-wdel.de\/wp-content\/uploads\/2016\/10\/Ardennen-43-von-129.jpg\" src=\"https:\/\/i0.wp.com\/www.d-wdel.de\/wp-content\/uploads\/2016\/10\/Ardennen-43-von-129.jpg?w=121&#038;h=182&#038;ssl=1\" srcset=\"https:\/\/www.d-wdel.de\/wp-content\/uploads\/2016\/10\/Ardennen-43-von-129.jpg 997w, https:\/\/www.d-wdel.de\/wp-content\/uploads\/2016\/10\/Ardennen-43-von-129-199x300.jpg 199w, https:\/\/www.d-wdel.de\/wp-content\/uploads\/2016\/10\/Ardennen-43-von-129-768x1155.jpg 768w\" width=\"121\" height=\"182\" loading=\"lazy\" data-original-width=\"121\" data-original-height=\"182\" itemprop=\"http:\/\/schema.org\/image\" title=\"ardennen-43-von-129\" alt=\"ardennen-43-von-129\" style=\"width: 121px; height: 182px;\" \/> <\/a> <\/div> <\/div> <!-- close group --> <div class=\"gallery-group images-1\" style=\"width: 125px; height: 186px;\" data-original-width=\"125\" data-original-height=\"186\" > <div class=\"tiled-gallery-item tiled-gallery-item-small\" itemprop=\"associatedMedia\" itemscope itemtype=\"http:\/\/schema.org\/ImageObject\"> <a href=\"https:\/\/www.d-wdel.de\/?attachment_id=2116\" border=\"0\" itemprop=\"url\"> <meta itemprop=\"width\" content=\"121\"> <meta itemprop=\"height\" content=\"182\"> <img decoding=\"async\" class=\"\" data-attachment-id=\"2116\" data-orig-file=\"https:\/\/www.d-wdel.de\/wp-content\/uploads\/2016\/10\/Ardennen-45-von-129.jpg\" data-orig-size=\"997,1500\" data-comments-opened=\"1\" data-image-meta=\"{&quot;aperture&quot;:&quot;8&quot;,&quot;credit&quot;:&quot;Thilo Becker&quot;,&quot;camera&quot;:&quot;PENTAX K-3 II&quot;,&quot;caption&quot;:&quot;&quot;,&quot;created_timestamp&quot;:&quot;1473513366&quot;,&quot;copyright&quot;:&quot;Thilo Becker&quot;,&quot;focal_length&quot;:&quot;18&quot;,&quot;iso&quot;:&quot;100&quot;,&quot;shutter_speed&quot;:&quot;0.002&quot;,&quot;title&quot;:&quot;&quot;,&quot;orientation&quot;:&quot;0&quot;}\" data-image-title=\"ardennen-45-von-129\" data-image-description=\"\" data-medium-file=\"https:\/\/www.d-wdel.de\/wp-content\/uploads\/2016\/10\/Ardennen-45-von-129-199x300.jpg\" data-large-file=\"https:\/\/www.d-wdel.de\/wp-content\/uploads\/2016\/10\/Ardennen-45-von-129.jpg\" src=\"https:\/\/i0.wp.com\/www.d-wdel.de\/wp-content\/uploads\/2016\/10\/Ardennen-45-von-129.jpg?w=121&#038;h=182&#038;ssl=1\" srcset=\"https:\/\/www.d-wdel.de\/wp-content\/uploads\/2016\/10\/Ardennen-45-von-129.jpg 997w, https:\/\/www.d-wdel.de\/wp-content\/uploads\/2016\/10\/Ardennen-45-von-129-199x300.jpg 199w, https:\/\/www.d-wdel.de\/wp-content\/uploads\/2016\/10\/Ardennen-45-von-129-768x1155.jpg 768w\" width=\"121\" height=\"182\" loading=\"lazy\" data-original-width=\"121\" data-original-height=\"182\" itemprop=\"http:\/\/schema.org\/image\" title=\"ardennen-45-von-129\" alt=\"ardennen-45-von-129\" style=\"width: 121px; height: 182px;\" \/> <\/a> <\/div> <\/div> <!-- close group --> <div class=\"gallery-group images-1\" style=\"width: 125px; height: 186px;\" data-original-width=\"125\" data-original-height=\"186\" > <div class=\"tiled-gallery-item tiled-gallery-item-small\" itemprop=\"associatedMedia\" itemscope itemtype=\"http:\/\/schema.org\/ImageObject\"> <a href=\"https:\/\/www.d-wdel.de\/?attachment_id=2117\" border=\"0\" itemprop=\"url\"> <meta itemprop=\"width\" content=\"121\"> <meta itemprop=\"height\" content=\"182\"> <img decoding=\"async\" class=\"\" data-attachment-id=\"2117\" data-orig-file=\"https:\/\/www.d-wdel.de\/wp-content\/uploads\/2016\/10\/Ardennen-46-von-129.jpg\" data-orig-size=\"997,1500\" data-comments-opened=\"1\" data-image-meta=\"{&quot;aperture&quot;:&quot;8&quot;,&quot;credit&quot;:&quot;Thilo Becker&quot;,&quot;camera&quot;:&quot;PENTAX K-3 II&quot;,&quot;caption&quot;:&quot;&quot;,&quot;created_timestamp&quot;:&quot;1473513369&quot;,&quot;copyright&quot;:&quot;Thilo Becker&quot;,&quot;focal_length&quot;:&quot;18&quot;,&quot;iso&quot;:&quot;100&quot;,&quot;shutter_speed&quot;:&quot;0.002&quot;,&quot;title&quot;:&quot;&quot;,&quot;orientation&quot;:&quot;0&quot;}\" data-image-title=\"ardennen-46-von-129\" data-image-description=\"\" data-medium-file=\"https:\/\/www.d-wdel.de\/wp-content\/uploads\/2016\/10\/Ardennen-46-von-129-199x300.jpg\" data-large-file=\"https:\/\/www.d-wdel.de\/wp-content\/uploads\/2016\/10\/Ardennen-46-von-129.jpg\" src=\"https:\/\/i0.wp.com\/www.d-wdel.de\/wp-content\/uploads\/2016\/10\/Ardennen-46-von-129.jpg?w=121&#038;h=182&#038;ssl=1\" srcset=\"https:\/\/www.d-wdel.de\/wp-content\/uploads\/2016\/10\/Ardennen-46-von-129.jpg 997w, https:\/\/www.d-wdel.de\/wp-content\/uploads\/2016\/10\/Ardennen-46-von-129-199x300.jpg 199w, https:\/\/www.d-wdel.de\/wp-content\/uploads\/2016\/10\/Ardennen-46-von-129-768x1155.jpg 768w\" width=\"121\" height=\"182\" loading=\"lazy\" data-original-width=\"121\" data-original-height=\"182\" itemprop=\"http:\/\/schema.org\/image\" title=\"ardennen-46-von-129\" alt=\"ardennen-46-von-129\" style=\"width: 121px; height: 182px;\" \/> <\/a> <\/div> <\/div> <!-- close group --> <div class=\"gallery-group images-1\" style=\"width: 125px; height: 186px;\" data-original-width=\"125\" data-original-height=\"186\" > <div class=\"tiled-gallery-item tiled-gallery-item-small\" itemprop=\"associatedMedia\" itemscope itemtype=\"http:\/\/schema.org\/ImageObject\"> <a href=\"https:\/\/www.d-wdel.de\/?attachment_id=2118\" border=\"0\" itemprop=\"url\"> <meta itemprop=\"width\" content=\"121\"> <meta itemprop=\"height\" content=\"182\"> <img decoding=\"async\" class=\"\" data-attachment-id=\"2118\" data-orig-file=\"https:\/\/www.d-wdel.de\/wp-content\/uploads\/2016\/10\/Ardennen-47-von-129.jpg\" data-orig-size=\"997,1500\" data-comments-opened=\"1\" data-image-meta=\"{&quot;aperture&quot;:&quot;8&quot;,&quot;credit&quot;:&quot;Thilo Becker&quot;,&quot;camera&quot;:&quot;PENTAX K-3 II&quot;,&quot;caption&quot;:&quot;&quot;,&quot;created_timestamp&quot;:&quot;1473513371&quot;,&quot;copyright&quot;:&quot;Thilo Becker&quot;,&quot;focal_length&quot;:&quot;18&quot;,&quot;iso&quot;:&quot;100&quot;,&quot;shutter_speed&quot;:&quot;0.002&quot;,&quot;title&quot;:&quot;&quot;,&quot;orientation&quot;:&quot;0&quot;}\" data-image-title=\"ardennen-47-von-129\" data-image-description=\"\" data-medium-file=\"https:\/\/www.d-wdel.de\/wp-content\/uploads\/2016\/10\/Ardennen-47-von-129-199x300.jpg\" data-large-file=\"https:\/\/www.d-wdel.de\/wp-content\/uploads\/2016\/10\/Ardennen-47-von-129.jpg\" src=\"https:\/\/i0.wp.com\/www.d-wdel.de\/wp-content\/uploads\/2016\/10\/Ardennen-47-von-129.jpg?w=121&#038;h=182&#038;ssl=1\" srcset=\"https:\/\/www.d-wdel.de\/wp-content\/uploads\/2016\/10\/Ardennen-47-von-129.jpg 997w, https:\/\/www.d-wdel.de\/wp-content\/uploads\/2016\/10\/Ardennen-47-von-129-199x300.jpg 199w, https:\/\/www.d-wdel.de\/wp-content\/uploads\/2016\/10\/Ardennen-47-von-129-768x1155.jpg 768w\" width=\"121\" height=\"182\" loading=\"lazy\" data-original-width=\"121\" data-original-height=\"182\" itemprop=\"http:\/\/schema.org\/image\" title=\"ardennen-47-von-129\" alt=\"ardennen-47-von-129\" style=\"width: 121px; height: 182px;\" \/> <\/a> <\/div> <\/div> <!-- close group --> <\/div> <!-- close row --> <div class=\"gallery-row\" style=\"width: 500px; height: 249px;\" data-original-width=\"500\" data-original-height=\"249\" > <div class=\"gallery-group images-1\" style=\"width: 167px; height: 249px;\" data-original-width=\"167\" data-original-height=\"249\" > <div class=\"tiled-gallery-item tiled-gallery-item-small\" itemprop=\"associatedMedia\" itemscope itemtype=\"http:\/\/schema.org\/ImageObject\"> <a href=\"https:\/\/www.d-wdel.de\/?attachment_id=2119\" border=\"0\" itemprop=\"url\"> <meta itemprop=\"width\" content=\"163\"> <meta itemprop=\"height\" content=\"245\"> <img decoding=\"async\" class=\"\" data-attachment-id=\"2119\" data-orig-file=\"https:\/\/www.d-wdel.de\/wp-content\/uploads\/2016\/10\/Ardennen-48-von-129.jpg\" data-orig-size=\"997,1500\" data-comments-opened=\"1\" data-image-meta=\"{&quot;aperture&quot;:&quot;8&quot;,&quot;credit&quot;:&quot;Thilo Becker&quot;,&quot;camera&quot;:&quot;PENTAX K-3 II&quot;,&quot;caption&quot;:&quot;&quot;,&quot;created_timestamp&quot;:&quot;1473513373&quot;,&quot;copyright&quot;:&quot;Thilo Becker&quot;,&quot;focal_length&quot;:&quot;18&quot;,&quot;iso&quot;:&quot;100&quot;,&quot;shutter_speed&quot;:&quot;0.002&quot;,&quot;title&quot;:&quot;&quot;,&quot;orientation&quot;:&quot;0&quot;}\" data-image-title=\"ardennen-48-von-129\" data-image-description=\"\" data-medium-file=\"https:\/\/www.d-wdel.de\/wp-content\/uploads\/2016\/10\/Ardennen-48-von-129-199x300.jpg\" data-large-file=\"https:\/\/www.d-wdel.de\/wp-content\/uploads\/2016\/10\/Ardennen-48-von-129.jpg\" src=\"https:\/\/i0.wp.com\/www.d-wdel.de\/wp-content\/uploads\/2016\/10\/Ardennen-48-von-129.jpg?w=163&#038;h=245&#038;ssl=1\" srcset=\"https:\/\/www.d-wdel.de\/wp-content\/uploads\/2016\/10\/Ardennen-48-von-129.jpg 997w, https:\/\/www.d-wdel.de\/wp-content\/uploads\/2016\/10\/Ardennen-48-von-129-199x300.jpg 199w, https:\/\/www.d-wdel.de\/wp-content\/uploads\/2016\/10\/Ardennen-48-von-129-768x1155.jpg 768w\" width=\"163\" height=\"245\" loading=\"lazy\" data-original-width=\"163\" data-original-height=\"245\" itemprop=\"http:\/\/schema.org\/image\" title=\"ardennen-48-von-129\" alt=\"ardennen-48-von-129\" style=\"width: 163px; height: 245px;\" \/> <\/a> <\/div> <\/div> <!-- close group --> <div class=\"gallery-group images-1\" style=\"width: 167px; height: 249px;\" data-original-width=\"167\" data-original-height=\"249\" > <div class=\"tiled-gallery-item tiled-gallery-item-small\" itemprop=\"associatedMedia\" itemscope itemtype=\"http:\/\/schema.org\/ImageObject\"> <a href=\"https:\/\/www.d-wdel.de\/?attachment_id=2120\" border=\"0\" itemprop=\"url\"> <meta itemprop=\"width\" content=\"163\"> <meta itemprop=\"height\" content=\"245\"> <img decoding=\"async\" class=\"\" data-attachment-id=\"2120\" data-orig-file=\"https:\/\/www.d-wdel.de\/wp-content\/uploads\/2016\/10\/Ardennen-49-von-129.jpg\" data-orig-size=\"997,1500\" data-comments-opened=\"1\" data-image-meta=\"{&quot;aperture&quot;:&quot;8&quot;,&quot;credit&quot;:&quot;Thilo Becker&quot;,&quot;camera&quot;:&quot;PENTAX K-3 II&quot;,&quot;caption&quot;:&quot;&quot;,&quot;created_timestamp&quot;:&quot;1473513374&quot;,&quot;copyright&quot;:&quot;Thilo Becker&quot;,&quot;focal_length&quot;:&quot;18&quot;,&quot;iso&quot;:&quot;100&quot;,&quot;shutter_speed&quot;:&quot;0.002&quot;,&quot;title&quot;:&quot;&quot;,&quot;orientation&quot;:&quot;0&quot;}\" data-image-title=\"ardennen-49-von-129\" data-image-description=\"\" data-medium-file=\"https:\/\/www.d-wdel.de\/wp-content\/uploads\/2016\/10\/Ardennen-49-von-129-199x300.jpg\" data-large-file=\"https:\/\/www.d-wdel.de\/wp-content\/uploads\/2016\/10\/Ardennen-49-von-129.jpg\" src=\"https:\/\/i0.wp.com\/www.d-wdel.de\/wp-content\/uploads\/2016\/10\/Ardennen-49-von-129.jpg?w=163&#038;h=245&#038;ssl=1\" srcset=\"https:\/\/www.d-wdel.de\/wp-content\/uploads\/2016\/10\/Ardennen-49-von-129.jpg 997w, https:\/\/www.d-wdel.de\/wp-content\/uploads\/2016\/10\/Ardennen-49-von-129-199x300.jpg 199w, https:\/\/www.d-wdel.de\/wp-content\/uploads\/2016\/10\/Ardennen-49-von-129-768x1155.jpg 768w\" width=\"163\" height=\"245\" loading=\"lazy\" data-original-width=\"163\" data-original-height=\"245\" itemprop=\"http:\/\/schema.org\/image\" title=\"ardennen-49-von-129\" alt=\"ardennen-49-von-129\" style=\"width: 163px; height: 245px;\" \/> <\/a> <\/div> <\/div> <!-- close group --> <div class=\"gallery-group images-1\" style=\"width: 166px; height: 249px;\" data-original-width=\"166\" data-original-height=\"249\" > <div class=\"tiled-gallery-item tiled-gallery-item-small\" itemprop=\"associatedMedia\" itemscope itemtype=\"http:\/\/schema.org\/ImageObject\"> <a href=\"https:\/\/www.d-wdel.de\/?attachment_id=2121\" border=\"0\" itemprop=\"url\"> <meta itemprop=\"width\" content=\"162\"> <meta itemprop=\"height\" content=\"245\"> <img decoding=\"async\" class=\"\" data-attachment-id=\"2121\" data-orig-file=\"https:\/\/www.d-wdel.de\/wp-content\/uploads\/2016\/10\/Ardennen-50-von-129.jpg\" data-orig-size=\"997,1500\" data-comments-opened=\"1\" data-image-meta=\"{&quot;aperture&quot;:&quot;8&quot;,&quot;credit&quot;:&quot;Thilo Becker&quot;,&quot;camera&quot;:&quot;PENTAX K-3 II&quot;,&quot;caption&quot;:&quot;&quot;,&quot;created_timestamp&quot;:&quot;1473513376&quot;,&quot;copyright&quot;:&quot;Thilo Becker&quot;,&quot;focal_length&quot;:&quot;18&quot;,&quot;iso&quot;:&quot;100&quot;,&quot;shutter_speed&quot;:&quot;0.002&quot;,&quot;title&quot;:&quot;&quot;,&quot;orientation&quot;:&quot;0&quot;}\" data-image-title=\"ardennen-50-von-129\" data-image-description=\"\" data-medium-file=\"https:\/\/www.d-wdel.de\/wp-content\/uploads\/2016\/10\/Ardennen-50-von-129-199x300.jpg\" data-large-file=\"https:\/\/www.d-wdel.de\/wp-content\/uploads\/2016\/10\/Ardennen-50-von-129.jpg\" src=\"https:\/\/i0.wp.com\/www.d-wdel.de\/wp-content\/uploads\/2016\/10\/Ardennen-50-von-129.jpg?w=162&#038;h=245&#038;ssl=1\" srcset=\"https:\/\/www.d-wdel.de\/wp-content\/uploads\/2016\/10\/Ardennen-50-von-129.jpg 997w, https:\/\/www.d-wdel.de\/wp-content\/uploads\/2016\/10\/Ardennen-50-von-129-199x300.jpg 199w, https:\/\/www.d-wdel.de\/wp-content\/uploads\/2016\/10\/Ardennen-50-von-129-768x1155.jpg 768w\" width=\"162\" height=\"245\" loading=\"lazy\" data-original-width=\"162\" data-original-height=\"245\" itemprop=\"http:\/\/schema.org\/image\" title=\"ardennen-50-von-129\" alt=\"ardennen-50-von-129\" style=\"width: 162px; height: 245px;\" \/> <\/a> <\/div> <\/div> <!-- close group --> <\/div> <!-- close row --> <div class=\"gallery-row\" style=\"width: 500px; height: 429px;\" data-original-width=\"500\" data-original-height=\"429\" > <div class=\"gallery-group images-1\" style=\"width: 287px; height: 429px;\" data-original-width=\"287\" data-original-height=\"429\" > <div class=\"tiled-gallery-item tiled-gallery-item-large\" itemprop=\"associatedMedia\" itemscope itemtype=\"http:\/\/schema.org\/ImageObject\"> <a href=\"https:\/\/www.d-wdel.de\/?attachment_id=2122\" border=\"0\" itemprop=\"url\"> <meta itemprop=\"width\" content=\"283\"> <meta itemprop=\"height\" content=\"425\"> <img decoding=\"async\" class=\"\" data-attachment-id=\"2122\" data-orig-file=\"https:\/\/www.d-wdel.de\/wp-content\/uploads\/2016\/10\/Ardennen-51-von-129.jpg\" data-orig-size=\"997,1500\" data-comments-opened=\"1\" data-image-meta=\"{&quot;aperture&quot;:&quot;8&quot;,&quot;credit&quot;:&quot;Thilo Becker&quot;,&quot;camera&quot;:&quot;PENTAX K-3 II&quot;,&quot;caption&quot;:&quot;&quot;,&quot;created_timestamp&quot;:&quot;1473513377&quot;,&quot;copyright&quot;:&quot;Thilo Becker&quot;,&quot;focal_length&quot;:&quot;18&quot;,&quot;iso&quot;:&quot;100&quot;,&quot;shutter_speed&quot;:&quot;0.002&quot;,&quot;title&quot;:&quot;&quot;,&quot;orientation&quot;:&quot;0&quot;}\" data-image-title=\"ardennen-51-von-129\" data-image-description=\"\" data-medium-file=\"https:\/\/www.d-wdel.de\/wp-content\/uploads\/2016\/10\/Ardennen-51-von-129-199x300.jpg\" data-large-file=\"https:\/\/www.d-wdel.de\/wp-content\/uploads\/2016\/10\/Ardennen-51-von-129.jpg\" src=\"https:\/\/i0.wp.com\/www.d-wdel.de\/wp-content\/uploads\/2016\/10\/Ardennen-51-von-129.jpg?w=283&#038;h=425&#038;ssl=1\" srcset=\"https:\/\/www.d-wdel.de\/wp-content\/uploads\/2016\/10\/Ardennen-51-von-129.jpg 997w, https:\/\/www.d-wdel.de\/wp-content\/uploads\/2016\/10\/Ardennen-51-von-129-199x300.jpg 199w, https:\/\/www.d-wdel.de\/wp-content\/uploads\/2016\/10\/Ardennen-51-von-129-768x1155.jpg 768w\" width=\"283\" height=\"425\" loading=\"lazy\" data-original-width=\"283\" data-original-height=\"425\" itemprop=\"http:\/\/schema.org\/image\" title=\"ardennen-51-von-129\" alt=\"ardennen-51-von-129\" style=\"width: 283px; height: 425px;\" \/> <\/a> <\/div> <\/div> <!-- close group --> <div class=\"gallery-group images-3\" style=\"width: 213px; height: 429px;\" data-original-width=\"213\" data-original-height=\"429\" > <div class=\"tiled-gallery-item tiled-gallery-item-small\" itemprop=\"associatedMedia\" itemscope itemtype=\"http:\/\/schema.org\/ImageObject\"> <a href=\"https:\/\/www.d-wdel.de\/?attachment_id=2123\" border=\"0\" itemprop=\"url\"> <meta itemprop=\"width\" content=\"209\"> <meta itemprop=\"height\" content=\"139\"> <img decoding=\"async\" class=\"\" data-attachment-id=\"2123\" data-orig-file=\"https:\/\/www.d-wdel.de\/wp-content\/uploads\/2016\/10\/Ardennen-53-von-129.jpg\" data-orig-size=\"1500,997\" data-comments-opened=\"1\" data-image-meta=\"{&quot;aperture&quot;:&quot;8&quot;,&quot;credit&quot;:&quot;Thilo Becker&quot;,&quot;camera&quot;:&quot;PENTAX K-3 II&quot;,&quot;caption&quot;:&quot;&quot;,&quot;created_timestamp&quot;:&quot;1473513560&quot;,&quot;copyright&quot;:&quot;Thilo Becker&quot;,&quot;focal_length&quot;:&quot;50&quot;,&quot;iso&quot;:&quot;100&quot;,&quot;shutter_speed&quot;:&quot;0.002&quot;,&quot;title&quot;:&quot;&quot;,&quot;orientation&quot;:&quot;0&quot;}\" data-image-title=\"ardennen-53-von-129\" data-image-description=\"\" data-medium-file=\"https:\/\/www.d-wdel.de\/wp-content\/uploads\/2016\/10\/Ardennen-53-von-129-300x199.jpg\" data-large-file=\"https:\/\/www.d-wdel.de\/wp-content\/uploads\/2016\/10\/Ardennen-53-von-129.jpg\" src=\"https:\/\/i0.wp.com\/www.d-wdel.de\/wp-content\/uploads\/2016\/10\/Ardennen-53-von-129.jpg?w=209&#038;h=139&#038;ssl=1\" srcset=\"https:\/\/www.d-wdel.de\/wp-content\/uploads\/2016\/10\/Ardennen-53-von-129.jpg 1500w, https:\/\/www.d-wdel.de\/wp-content\/uploads\/2016\/10\/Ardennen-53-von-129-300x199.jpg 300w, https:\/\/www.d-wdel.de\/wp-content\/uploads\/2016\/10\/Ardennen-53-von-129-768x510.jpg 768w\" width=\"209\" height=\"139\" loading=\"lazy\" data-original-width=\"209\" data-original-height=\"139\" itemprop=\"http:\/\/schema.org\/image\" title=\"ardennen-53-von-129\" alt=\"ardennen-53-von-129\" style=\"width: 209px; height: 139px;\" \/> <\/a> <\/div> <div class=\"tiled-gallery-item tiled-gallery-item-small\" itemprop=\"associatedMedia\" itemscope itemtype=\"http:\/\/schema.org\/ImageObject\"> <a href=\"https:\/\/www.d-wdel.de\/?attachment_id=2124\" border=\"0\" itemprop=\"url\"> <meta itemprop=\"width\" content=\"209\"> <meta itemprop=\"height\" content=\"139\"> <img decoding=\"async\" class=\"\" data-attachment-id=\"2124\" data-orig-file=\"https:\/\/www.d-wdel.de\/wp-content\/uploads\/2016\/10\/Ardennen-54-von-129.jpg\" data-orig-size=\"1500,997\" data-comments-opened=\"1\" data-image-meta=\"{&quot;aperture&quot;:&quot;8&quot;,&quot;credit&quot;:&quot;Thilo Becker&quot;,&quot;camera&quot;:&quot;PENTAX K-3 II&quot;,&quot;caption&quot;:&quot;&quot;,&quot;created_timestamp&quot;:&quot;1473513568&quot;,&quot;copyright&quot;:&quot;Thilo Becker&quot;,&quot;focal_length&quot;:&quot;50&quot;,&quot;iso&quot;:&quot;100&quot;,&quot;shutter_speed&quot;:&quot;0.002&quot;,&quot;title&quot;:&quot;&quot;,&quot;orientation&quot;:&quot;0&quot;}\" data-image-title=\"ardennen-54-von-129\" data-image-description=\"\" data-medium-file=\"https:\/\/www.d-wdel.de\/wp-content\/uploads\/2016\/10\/Ardennen-54-von-129-300x199.jpg\" data-large-file=\"https:\/\/www.d-wdel.de\/wp-content\/uploads\/2016\/10\/Ardennen-54-von-129.jpg\" src=\"https:\/\/i0.wp.com\/www.d-wdel.de\/wp-content\/uploads\/2016\/10\/Ardennen-54-von-129.jpg?w=209&#038;h=139&#038;ssl=1\" srcset=\"https:\/\/www.d-wdel.de\/wp-content\/uploads\/2016\/10\/Ardennen-54-von-129.jpg 1500w, https:\/\/www.d-wdel.de\/wp-content\/uploads\/2016\/10\/Ardennen-54-von-129-300x199.jpg 300w, https:\/\/www.d-wdel.de\/wp-content\/uploads\/2016\/10\/Ardennen-54-von-129-768x510.jpg 768w\" width=\"209\" height=\"139\" loading=\"lazy\" data-original-width=\"209\" data-original-height=\"139\" itemprop=\"http:\/\/schema.org\/image\" title=\"ardennen-54-von-129\" alt=\"ardennen-54-von-129\" style=\"width: 209px; height: 139px;\" \/> <\/a> <\/div> <div class=\"tiled-gallery-item tiled-gallery-item-small\" itemprop=\"associatedMedia\" itemscope itemtype=\"http:\/\/schema.org\/ImageObject\"> <a href=\"https:\/\/www.d-wdel.de\/?attachment_id=2125\" border=\"0\" itemprop=\"url\"> <meta itemprop=\"width\" content=\"209\"> <meta itemprop=\"height\" content=\"139\"> <img decoding=\"async\" class=\"\" data-attachment-id=\"2125\" data-orig-file=\"https:\/\/www.d-wdel.de\/wp-content\/uploads\/2016\/10\/Ardennen-56-von-129.jpg\" data-orig-size=\"1500,997\" data-comments-opened=\"1\" data-image-meta=\"{&quot;aperture&quot;:&quot;8&quot;,&quot;credit&quot;:&quot;Thilo Becker&quot;,&quot;camera&quot;:&quot;PENTAX K-3 II&quot;,&quot;caption&quot;:&quot;&quot;,&quot;created_timestamp&quot;:&quot;1473513651&quot;,&quot;copyright&quot;:&quot;Thilo Becker&quot;,&quot;focal_length&quot;:&quot;135&quot;,&quot;iso&quot;:&quot;100&quot;,&quot;shutter_speed&quot;:&quot;0.0015625&quot;,&quot;title&quot;:&quot;&quot;,&quot;orientation&quot;:&quot;0&quot;}\" data-image-title=\"ardennen-56-von-129\" data-image-description=\"\" data-medium-file=\"https:\/\/www.d-wdel.de\/wp-content\/uploads\/2016\/10\/Ardennen-56-von-129-300x199.jpg\" data-large-file=\"https:\/\/www.d-wdel.de\/wp-content\/uploads\/2016\/10\/Ardennen-56-von-129.jpg\" src=\"https:\/\/i0.wp.com\/www.d-wdel.de\/wp-content\/uploads\/2016\/10\/Ardennen-56-von-129.jpg?w=209&#038;h=139&#038;ssl=1\" srcset=\"https:\/\/www.d-wdel.de\/wp-content\/uploads\/2016\/10\/Ardennen-56-von-129.jpg 1500w, https:\/\/www.d-wdel.de\/wp-content\/uploads\/2016\/10\/Ardennen-56-von-129-300x199.jpg 300w, https:\/\/www.d-wdel.de\/wp-content\/uploads\/2016\/10\/Ardennen-56-von-129-768x510.jpg 768w\" width=\"209\" height=\"139\" loading=\"lazy\" data-original-width=\"209\" data-original-height=\"139\" itemprop=\"http:\/\/schema.org\/image\" title=\"ardennen-56-von-129\" alt=\"ardennen-56-von-129\" style=\"width: 209px; height: 139px;\" \/> <\/a> <\/div> <\/div> <!-- close group --> <\/div> <!-- close row --> <div class=\"gallery-row\" style=\"width: 500px; height: 305px;\" data-original-width=\"500\" data-original-height=\"305\" > <div class=\"gallery-group images-3\" style=\"width: 151px; height: 305px;\" data-original-width=\"151\" data-original-height=\"305\" > <div class=\"tiled-gallery-item tiled-gallery-item-small\" itemprop=\"associatedMedia\" itemscope itemtype=\"http:\/\/schema.org\/ImageObject\"> <a href=\"https:\/\/www.d-wdel.de\/?attachment_id=2126\" border=\"0\" itemprop=\"url\"> <meta itemprop=\"width\" content=\"147\"> <meta itemprop=\"height\" content=\"98\"> <img decoding=\"async\" class=\"\" data-attachment-id=\"2126\" data-orig-file=\"https:\/\/www.d-wdel.de\/wp-content\/uploads\/2016\/10\/Ardennen-60-von-129.jpg\" data-orig-size=\"1500,997\" data-comments-opened=\"1\" data-image-meta=\"{&quot;aperture&quot;:&quot;8&quot;,&quot;credit&quot;:&quot;Thilo Becker&quot;,&quot;camera&quot;:&quot;PENTAX K-3 II&quot;,&quot;caption&quot;:&quot;&quot;,&quot;created_timestamp&quot;:&quot;1473513939&quot;,&quot;copyright&quot;:&quot;Thilo Becker&quot;,&quot;focal_length&quot;:&quot;260&quot;,&quot;iso&quot;:&quot;100&quot;,&quot;shutter_speed&quot;:&quot;0.0015625&quot;,&quot;title&quot;:&quot;&quot;,&quot;orientation&quot;:&quot;0&quot;}\" data-image-title=\"ardennen-60-von-129\" data-image-description=\"\" data-medium-file=\"https:\/\/www.d-wdel.de\/wp-content\/uploads\/2016\/10\/Ardennen-60-von-129-300x199.jpg\" data-large-file=\"https:\/\/www.d-wdel.de\/wp-content\/uploads\/2016\/10\/Ardennen-60-von-129.jpg\" src=\"https:\/\/i0.wp.com\/www.d-wdel.de\/wp-content\/uploads\/2016\/10\/Ardennen-60-von-129.jpg?w=147&#038;h=98&#038;ssl=1\" srcset=\"https:\/\/www.d-wdel.de\/wp-content\/uploads\/2016\/10\/Ardennen-60-von-129.jpg 1500w, https:\/\/www.d-wdel.de\/wp-content\/uploads\/2016\/10\/Ardennen-60-von-129-300x199.jpg 300w, https:\/\/www.d-wdel.de\/wp-content\/uploads\/2016\/10\/Ardennen-60-von-129-768x510.jpg 768w\" width=\"147\" height=\"98\" loading=\"lazy\" data-original-width=\"147\" data-original-height=\"98\" itemprop=\"http:\/\/schema.org\/image\" title=\"ardennen-60-von-129\" alt=\"ardennen-60-von-129\" style=\"width: 147px; height: 98px;\" \/> <\/a> <\/div> <div class=\"tiled-gallery-item tiled-gallery-item-small\" itemprop=\"associatedMedia\" itemscope itemtype=\"http:\/\/schema.org\/ImageObject\"> <a href=\"https:\/\/www.d-wdel.de\/?attachment_id=2127\" border=\"0\" itemprop=\"url\"> <meta itemprop=\"width\" content=\"147\"> <meta itemprop=\"height\" content=\"98\"> <img decoding=\"async\" class=\"\" data-attachment-id=\"2127\" data-orig-file=\"https:\/\/www.d-wdel.de\/wp-content\/uploads\/2016\/10\/Ardennen-66-von-129.jpg\" data-orig-size=\"1500,997\" data-comments-opened=\"1\" data-image-meta=\"{&quot;aperture&quot;:&quot;8&quot;,&quot;credit&quot;:&quot;Thilo Becker&quot;,&quot;camera&quot;:&quot;PENTAX K-3 II&quot;,&quot;caption&quot;:&quot;&quot;,&quot;created_timestamp&quot;:&quot;1473514166&quot;,&quot;copyright&quot;:&quot;Thilo Becker&quot;,&quot;focal_length&quot;:&quot;55&quot;,&quot;iso&quot;:&quot;100&quot;,&quot;shutter_speed&quot;:&quot;0.002&quot;,&quot;title&quot;:&quot;&quot;,&quot;orientation&quot;:&quot;0&quot;}\" data-image-title=\"ardennen-66-von-129\" data-image-description=\"\" data-medium-file=\"https:\/\/www.d-wdel.de\/wp-content\/uploads\/2016\/10\/Ardennen-66-von-129-300x199.jpg\" data-large-file=\"https:\/\/www.d-wdel.de\/wp-content\/uploads\/2016\/10\/Ardennen-66-von-129.jpg\" src=\"https:\/\/i0.wp.com\/www.d-wdel.de\/wp-content\/uploads\/2016\/10\/Ardennen-66-von-129.jpg?w=147&#038;h=98&#038;ssl=1\" srcset=\"https:\/\/www.d-wdel.de\/wp-content\/uploads\/2016\/10\/Ardennen-66-von-129.jpg 1500w, https:\/\/www.d-wdel.de\/wp-content\/uploads\/2016\/10\/Ardennen-66-von-129-300x199.jpg 300w, https:\/\/www.d-wdel.de\/wp-content\/uploads\/2016\/10\/Ardennen-66-von-129-768x510.jpg 768w\" width=\"147\" height=\"98\" loading=\"lazy\" data-original-width=\"147\" data-original-height=\"98\" itemprop=\"http:\/\/schema.org\/image\" title=\"ardennen-66-von-129\" alt=\"ardennen-66-von-129\" style=\"width: 147px; height: 98px;\" \/> <\/a> <\/div> <div class=\"tiled-gallery-item tiled-gallery-item-small\" itemprop=\"associatedMedia\" itemscope itemtype=\"http:\/\/schema.org\/ImageObject\"> <a href=\"https:\/\/www.d-wdel.de\/?attachment_id=2128\" border=\"0\" itemprop=\"url\"> <meta itemprop=\"width\" content=\"147\"> <meta itemprop=\"height\" content=\"97\"> <img decoding=\"async\" class=\"\" data-attachment-id=\"2128\" data-orig-file=\"https:\/\/www.d-wdel.de\/wp-content\/uploads\/2016\/10\/Ardennen-71-von-129.jpg\" data-orig-size=\"1500,997\" data-comments-opened=\"1\" data-image-meta=\"{&quot;aperture&quot;:&quot;8&quot;,&quot;credit&quot;:&quot;Thilo Becker&quot;,&quot;camera&quot;:&quot;PENTAX K-3 II&quot;,&quot;caption&quot;:&quot;&quot;,&quot;created_timestamp&quot;:&quot;1473514756&quot;,&quot;copyright&quot;:&quot;Thilo Becker&quot;,&quot;focal_length&quot;:&quot;28.13&quot;,&quot;iso&quot;:&quot;100&quot;,&quot;shutter_speed&quot;:&quot;0.00625&quot;,&quot;title&quot;:&quot;&quot;,&quot;orientation&quot;:&quot;0&quot;}\" data-image-title=\"ardennen-71-von-129\" data-image-description=\"\" data-medium-file=\"https:\/\/www.d-wdel.de\/wp-content\/uploads\/2016\/10\/Ardennen-71-von-129-300x199.jpg\" data-large-file=\"https:\/\/www.d-wdel.de\/wp-content\/uploads\/2016\/10\/Ardennen-71-von-129.jpg\" src=\"https:\/\/i0.wp.com\/www.d-wdel.de\/wp-content\/uploads\/2016\/10\/Ardennen-71-von-129.jpg?w=147&#038;h=97&#038;ssl=1\" srcset=\"https:\/\/www.d-wdel.de\/wp-content\/uploads\/2016\/10\/Ardennen-71-von-129.jpg 1500w, https:\/\/www.d-wdel.de\/wp-content\/uploads\/2016\/10\/Ardennen-71-von-129-300x199.jpg 300w, https:\/\/www.d-wdel.de\/wp-content\/uploads\/2016\/10\/Ardennen-71-von-129-768x510.jpg 768w\" width=\"147\" height=\"97\" loading=\"lazy\" data-original-width=\"147\" data-original-height=\"97\" itemprop=\"http:\/\/schema.org\/image\" title=\"ardennen-71-von-129\" alt=\"ardennen-71-von-129\" style=\"width: 147px; height: 97px;\" \/> <\/a> <\/div> <\/div> <!-- close group --> <div class=\"gallery-group images-1\" style=\"width: 204px; height: 305px;\" data-original-width=\"204\" data-original-height=\"305\" > <div class=\"tiled-gallery-item tiled-gallery-item-small\" itemprop=\"associatedMedia\" itemscope itemtype=\"http:\/\/schema.org\/ImageObject\"> <a href=\"https:\/\/www.d-wdel.de\/?attachment_id=2129\" border=\"0\" itemprop=\"url\"> <meta itemprop=\"width\" content=\"200\"> <meta itemprop=\"height\" content=\"301\"> <img decoding=\"async\" class=\"\" data-attachment-id=\"2129\" data-orig-file=\"https:\/\/www.d-wdel.de\/wp-content\/uploads\/2016\/10\/Ardennen-76-von-129.jpg\" data-orig-size=\"997,1500\" data-comments-opened=\"1\" data-image-meta=\"{&quot;aperture&quot;:&quot;9&quot;,&quot;credit&quot;:&quot;Thilo Becker&quot;,&quot;camera&quot;:&quot;PENTAX K-3 II&quot;,&quot;caption&quot;:&quot;&quot;,&quot;created_timestamp&quot;:&quot;1473514936&quot;,&quot;copyright&quot;:&quot;Thilo Becker&quot;,&quot;focal_length&quot;:&quot;30.63&quot;,&quot;iso&quot;:&quot;100&quot;,&quot;shutter_speed&quot;:&quot;0.00625&quot;,&quot;title&quot;:&quot;&quot;,&quot;orientation&quot;:&quot;0&quot;}\" data-image-title=\"ardennen-76-von-129\" data-image-description=\"\" data-medium-file=\"https:\/\/www.d-wdel.de\/wp-content\/uploads\/2016\/10\/Ardennen-76-von-129-199x300.jpg\" data-large-file=\"https:\/\/www.d-wdel.de\/wp-content\/uploads\/2016\/10\/Ardennen-76-von-129.jpg\" src=\"https:\/\/i0.wp.com\/www.d-wdel.de\/wp-content\/uploads\/2016\/10\/Ardennen-76-von-129.jpg?w=200&#038;h=301&#038;ssl=1\" srcset=\"https:\/\/www.d-wdel.de\/wp-content\/uploads\/2016\/10\/Ardennen-76-von-129.jpg 997w, https:\/\/www.d-wdel.de\/wp-content\/uploads\/2016\/10\/Ardennen-76-von-129-199x300.jpg 199w, https:\/\/www.d-wdel.de\/wp-content\/uploads\/2016\/10\/Ardennen-76-von-129-768x1155.jpg 768w\" width=\"200\" height=\"301\" loading=\"lazy\" data-original-width=\"200\" data-original-height=\"301\" itemprop=\"http:\/\/schema.org\/image\" title=\"ardennen-76-von-129\" alt=\"ardennen-76-von-129\" style=\"width: 200px; height: 301px;\" \/> <\/a> <\/div> <\/div> <!-- close group --> <div class=\"gallery-group images-3\" style=\"width: 145px; height: 305px;\" data-original-width=\"145\" data-original-height=\"305\" > <div class=\"tiled-gallery-item tiled-gallery-item-small\" itemprop=\"associatedMedia\" itemscope itemtype=\"http:\/\/schema.org\/ImageObject\"> <a href=\"https:\/\/www.d-wdel.de\/?attachment_id=2130\" border=\"0\" itemprop=\"url\"> <meta itemprop=\"width\" content=\"141\"> <meta itemprop=\"height\" content=\"94\"> <img decoding=\"async\" class=\"\" data-attachment-id=\"2130\" data-orig-file=\"https:\/\/www.d-wdel.de\/wp-content\/uploads\/2016\/10\/Ardennen-77-von-129.jpg\" data-orig-size=\"1500,997\" data-comments-opened=\"1\" data-image-meta=\"{&quot;aperture&quot;:&quot;9&quot;,&quot;credit&quot;:&quot;Thilo Becker&quot;,&quot;camera&quot;:&quot;PENTAX K-3 II&quot;,&quot;caption&quot;:&quot;&quot;,&quot;created_timestamp&quot;:&quot;1473514992&quot;,&quot;copyright&quot;:&quot;Thilo Becker&quot;,&quot;focal_length&quot;:&quot;18&quot;,&quot;iso&quot;:&quot;100&quot;,&quot;shutter_speed&quot;:&quot;0.00625&quot;,&quot;title&quot;:&quot;&quot;,&quot;orientation&quot;:&quot;0&quot;}\" data-image-title=\"ardennen-77-von-129\" data-image-description=\"\" data-medium-file=\"https:\/\/www.d-wdel.de\/wp-content\/uploads\/2016\/10\/Ardennen-77-von-129-300x199.jpg\" data-large-file=\"https:\/\/www.d-wdel.de\/wp-content\/uploads\/2016\/10\/Ardennen-77-von-129.jpg\" src=\"https:\/\/i0.wp.com\/www.d-wdel.de\/wp-content\/uploads\/2016\/10\/Ardennen-77-von-129.jpg?w=141&#038;h=94&#038;ssl=1\" srcset=\"https:\/\/www.d-wdel.de\/wp-content\/uploads\/2016\/10\/Ardennen-77-von-129.jpg 1500w, https:\/\/www.d-wdel.de\/wp-content\/uploads\/2016\/10\/Ardennen-77-von-129-300x199.jpg 300w, https:\/\/www.d-wdel.de\/wp-content\/uploads\/2016\/10\/Ardennen-77-von-129-768x510.jpg 768w\" width=\"141\" height=\"94\" loading=\"lazy\" data-original-width=\"141\" data-original-height=\"94\" itemprop=\"http:\/\/schema.org\/image\" title=\"ardennen-77-von-129\" alt=\"ardennen-77-von-129\" style=\"width: 141px; height: 94px;\" \/> <\/a> <\/div> <div class=\"tiled-gallery-item tiled-gallery-item-small\" itemprop=\"associatedMedia\" itemscope itemtype=\"http:\/\/schema.org\/ImageObject\"> <a href=\"https:\/\/www.d-wdel.de\/?attachment_id=2131\" border=\"0\" itemprop=\"url\"> <meta itemprop=\"width\" content=\"141\"> <meta itemprop=\"height\" content=\"93\"> <img decoding=\"async\" class=\"\" data-attachment-id=\"2131\" data-orig-file=\"https:\/\/www.d-wdel.de\/wp-content\/uploads\/2016\/10\/Ardennen-78-von-129.jpg\" data-orig-size=\"1500,997\" data-comments-opened=\"1\" data-image-meta=\"{&quot;aperture&quot;:&quot;7.1&quot;,&quot;credit&quot;:&quot;Thilo Becker&quot;,&quot;camera&quot;:&quot;PENTAX K-3 II&quot;,&quot;caption&quot;:&quot;&quot;,&quot;created_timestamp&quot;:&quot;1473515019&quot;,&quot;copyright&quot;:&quot;Thilo Becker&quot;,&quot;focal_length&quot;:&quot;55&quot;,&quot;iso&quot;:&quot;100&quot;,&quot;shutter_speed&quot;:&quot;0.0015625&quot;,&quot;title&quot;:&quot;&quot;,&quot;orientation&quot;:&quot;0&quot;}\" data-image-title=\"ardennen-78-von-129\" data-image-description=\"\" data-medium-file=\"https:\/\/www.d-wdel.de\/wp-content\/uploads\/2016\/10\/Ardennen-78-von-129-300x199.jpg\" data-large-file=\"https:\/\/www.d-wdel.de\/wp-content\/uploads\/2016\/10\/Ardennen-78-von-129.jpg\" src=\"https:\/\/i0.wp.com\/www.d-wdel.de\/wp-content\/uploads\/2016\/10\/Ardennen-78-von-129.jpg?w=141&#038;h=93&#038;ssl=1\" srcset=\"https:\/\/www.d-wdel.de\/wp-content\/uploads\/2016\/10\/Ardennen-78-von-129.jpg 1500w, https:\/\/www.d-wdel.de\/wp-content\/uploads\/2016\/10\/Ardennen-78-von-129-300x199.jpg 300w, https:\/\/www.d-wdel.de\/wp-content\/uploads\/2016\/10\/Ardennen-78-von-129-768x510.jpg 768w\" width=\"141\" height=\"93\" loading=\"lazy\" data-original-width=\"141\" data-original-height=\"93\" itemprop=\"http:\/\/schema.org\/image\" title=\"ardennen-78-von-129\" alt=\"ardennen-78-von-129\" style=\"width: 141px; height: 93px;\" \/> <\/a> <\/div> <div class=\"tiled-gallery-item tiled-gallery-item-small\" itemprop=\"associatedMedia\" itemscope itemtype=\"http:\/\/schema.org\/ImageObject\"> <a href=\"https:\/\/www.d-wdel.de\/?attachment_id=2132\" border=\"0\" itemprop=\"url\"> <meta itemprop=\"width\" content=\"141\"> <meta itemprop=\"height\" content=\"106\"> <img decoding=\"async\" class=\"\" data-attachment-id=\"2132\" data-orig-file=\"https:\/\/www.d-wdel.de\/wp-content\/uploads\/2016\/10\/Ardennen-86-von-129-1.jpg\" data-orig-size=\"1500,1125\" data-comments-opened=\"1\" data-image-meta=\"{&quot;aperture&quot;:&quot;1.9&quot;,&quot;credit&quot;:&quot;Thilo Becker&quot;,&quot;camera&quot;:&quot;SM-G903F&quot;,&quot;caption&quot;:&quot;&quot;,&quot;created_timestamp&quot;:&quot;1473516337&quot;,&quot;copyright&quot;:&quot;Thilo Becker&quot;,&quot;focal_length&quot;:&quot;3.7&quot;,&quot;iso&quot;:&quot;100&quot;,&quot;shutter_speed&quot;:&quot;0.00029411764705882&quot;,&quot;title&quot;:&quot;&quot;,&quot;orientation&quot;:&quot;0&quot;}\" data-image-title=\"ardennen-86-von-129\" data-image-description=\"\" data-medium-file=\"https:\/\/www.d-wdel.de\/wp-content\/uploads\/2016\/10\/Ardennen-86-von-129-1-300x225.jpg\" data-large-file=\"https:\/\/www.d-wdel.de\/wp-content\/uploads\/2016\/10\/Ardennen-86-von-129-1.jpg\" src=\"https:\/\/i0.wp.com\/www.d-wdel.de\/wp-content\/uploads\/2016\/10\/Ardennen-86-von-129-1.jpg?w=141&#038;h=106&#038;ssl=1\" srcset=\"https:\/\/www.d-wdel.de\/wp-content\/uploads\/2016\/10\/Ardennen-86-von-129-1.jpg 1500w, https:\/\/www.d-wdel.de\/wp-content\/uploads\/2016\/10\/Ardennen-86-von-129-1-300x225.jpg 300w, https:\/\/www.d-wdel.de\/wp-content\/uploads\/2016\/10\/Ardennen-86-von-129-1-768x576.jpg 768w, https:\/\/www.d-wdel.de\/wp-content\/uploads\/2016\/10\/Ardennen-86-von-129-1-970x728.jpg 970w, https:\/\/www.d-wdel.de\/wp-content\/uploads\/2016\/10\/Ardennen-86-von-129-1-700x525.jpg 700w\" width=\"141\" height=\"106\" loading=\"lazy\" data-original-width=\"141\" data-original-height=\"106\" itemprop=\"http:\/\/schema.org\/image\" title=\"ardennen-86-von-129\" alt=\"ardennen-86-von-129\" style=\"width: 141px; height: 106px;\" \/> <\/a> <\/div> <\/div> <!-- close group --> <\/div> <!-- close row --> <div class=\"gallery-row\" style=\"width: 500px; height: 251px;\" data-original-width=\"500\" data-original-height=\"251\" > <div class=\"gallery-group images-1\" style=\"width: 334px; height: 251px;\" data-original-width=\"334\" data-original-height=\"251\" > <div class=\"tiled-gallery-item tiled-gallery-item-large\" itemprop=\"associatedMedia\" itemscope itemtype=\"http:\/\/schema.org\/ImageObject\"> <a href=\"https:\/\/www.d-wdel.de\/?attachment_id=2133\" border=\"0\" itemprop=\"url\"> <meta itemprop=\"width\" content=\"330\"> <meta itemprop=\"height\" content=\"247\"> <img decoding=\"async\" class=\"\" data-attachment-id=\"2133\" data-orig-file=\"https:\/\/www.d-wdel.de\/wp-content\/uploads\/2016\/10\/Ardennen-88-von-129.jpg\" data-orig-size=\"1500,1125\" data-comments-opened=\"1\" data-image-meta=\"{&quot;aperture&quot;:&quot;1.9&quot;,&quot;credit&quot;:&quot;Thilo Becker&quot;,&quot;camera&quot;:&quot;SM-G903F&quot;,&quot;caption&quot;:&quot;&quot;,&quot;created_timestamp&quot;:&quot;1473516675&quot;,&quot;copyright&quot;:&quot;Thilo Becker&quot;,&quot;focal_length&quot;:&quot;3.7&quot;,&quot;iso&quot;:&quot;40&quot;,&quot;shutter_speed&quot;:&quot;0.0005&quot;,&quot;title&quot;:&quot;&quot;,&quot;orientation&quot;:&quot;0&quot;}\" data-image-title=\"ardennen-88-von-129\" data-image-description=\"\" data-medium-file=\"https:\/\/www.d-wdel.de\/wp-content\/uploads\/2016\/10\/Ardennen-88-von-129-300x225.jpg\" data-large-file=\"https:\/\/www.d-wdel.de\/wp-content\/uploads\/2016\/10\/Ardennen-88-von-129.jpg\" src=\"https:\/\/i0.wp.com\/www.d-wdel.de\/wp-content\/uploads\/2016\/10\/Ardennen-88-von-129.jpg?w=330&#038;h=247&#038;ssl=1\" srcset=\"https:\/\/www.d-wdel.de\/wp-content\/uploads\/2016\/10\/Ardennen-88-von-129.jpg 1500w, https:\/\/www.d-wdel.de\/wp-content\/uploads\/2016\/10\/Ardennen-88-von-129-300x225.jpg 300w, https:\/\/www.d-wdel.de\/wp-content\/uploads\/2016\/10\/Ardennen-88-von-129-768x576.jpg 768w, https:\/\/www.d-wdel.de\/wp-content\/uploads\/2016\/10\/Ardennen-88-von-129-970x728.jpg 970w, https:\/\/www.d-wdel.de\/wp-content\/uploads\/2016\/10\/Ardennen-88-von-129-700x525.jpg 700w\" width=\"330\" height=\"247\" loading=\"lazy\" data-original-width=\"330\" data-original-height=\"247\" itemprop=\"http:\/\/schema.org\/image\" title=\"ardennen-88-von-129\" alt=\"ardennen-88-von-129\" style=\"width: 330px; height: 247px;\" \/> <\/a> <\/div> <\/div> <!-- close group --> <div class=\"gallery-group images-2\" style=\"width: 166px; height: 251px;\" data-original-width=\"166\" data-original-height=\"251\" > <div class=\"tiled-gallery-item tiled-gallery-item-small\" itemprop=\"associatedMedia\" itemscope itemtype=\"http:\/\/schema.org\/ImageObject\"> <a href=\"https:\/\/www.d-wdel.de\/?attachment_id=2134\" border=\"0\" itemprop=\"url\"> <meta itemprop=\"width\" content=\"162\"> <meta itemprop=\"height\" content=\"122\"> <img decoding=\"async\" class=\"\" data-attachment-id=\"2134\" data-orig-file=\"https:\/\/www.d-wdel.de\/wp-content\/uploads\/2016\/10\/Ardennen-90-von-129.jpg\" data-orig-size=\"1500,1125\" data-comments-opened=\"1\" data-image-meta=\"{&quot;aperture&quot;:&quot;1.9&quot;,&quot;credit&quot;:&quot;Thilo Becker&quot;,&quot;camera&quot;:&quot;SM-G903F&quot;,&quot;caption&quot;:&quot;&quot;,&quot;created_timestamp&quot;:&quot;1473517055&quot;,&quot;copyright&quot;:&quot;Thilo Becker&quot;,&quot;focal_length&quot;:&quot;3.7&quot;,&quot;iso&quot;:&quot;100&quot;,&quot;shutter_speed&quot;:&quot;0.00023809523809524&quot;,&quot;title&quot;:&quot;&quot;,&quot;orientation&quot;:&quot;0&quot;}\" data-image-title=\"ardennen-90-von-129\" data-image-description=\"\" data-medium-file=\"https:\/\/www.d-wdel.de\/wp-content\/uploads\/2016\/10\/Ardennen-90-von-129-300x225.jpg\" data-large-file=\"https:\/\/www.d-wdel.de\/wp-content\/uploads\/2016\/10\/Ardennen-90-von-129.jpg\" src=\"https:\/\/i0.wp.com\/www.d-wdel.de\/wp-content\/uploads\/2016\/10\/Ardennen-90-von-129.jpg?w=162&#038;h=122&#038;ssl=1\" srcset=\"https:\/\/www.d-wdel.de\/wp-content\/uploads\/2016\/10\/Ardennen-90-von-129.jpg 1500w, https:\/\/www.d-wdel.de\/wp-content\/uploads\/2016\/10\/Ardennen-90-von-129-300x225.jpg 300w, https:\/\/www.d-wdel.de\/wp-content\/uploads\/2016\/10\/Ardennen-90-von-129-768x576.jpg 768w, https:\/\/www.d-wdel.de\/wp-content\/uploads\/2016\/10\/Ardennen-90-von-129-970x728.jpg 970w, https:\/\/www.d-wdel.de\/wp-content\/uploads\/2016\/10\/Ardennen-90-von-129-700x525.jpg 700w\" width=\"162\" height=\"122\" loading=\"lazy\" data-original-width=\"162\" data-original-height=\"122\" itemprop=\"http:\/\/schema.org\/image\" title=\"ardennen-90-von-129\" alt=\"ardennen-90-von-129\" style=\"width: 162px; height: 122px;\" \/> <\/a> <\/div> <div class=\"tiled-gallery-item tiled-gallery-item-small\" itemprop=\"associatedMedia\" itemscope itemtype=\"http:\/\/schema.org\/ImageObject\"> <a href=\"https:\/\/www.d-wdel.de\/?attachment_id=2135\" border=\"0\" itemprop=\"url\"> <meta itemprop=\"width\" content=\"162\"> <meta itemprop=\"height\" content=\"121\"> <img decoding=\"async\" class=\"\" data-attachment-id=\"2135\" data-orig-file=\"https:\/\/www.d-wdel.de\/wp-content\/uploads\/2016\/10\/Ardennen-100-von-129.jpg\" data-orig-size=\"1500,1125\" data-comments-opened=\"1\" data-image-meta=\"{&quot;aperture&quot;:&quot;2.8&quot;,&quot;credit&quot;:&quot;Thilo Becker&quot;,&quot;camera&quot;:&quot;Hero3-Black Edition&quot;,&quot;caption&quot;:&quot;DCIM113GOPRO&quot;,&quot;created_timestamp&quot;:&quot;1473523681&quot;,&quot;copyright&quot;:&quot;Thilo Becker&quot;,&quot;focal_length&quot;:&quot;2.77&quot;,&quot;iso&quot;:&quot;100&quot;,&quot;shutter_speed&quot;:&quot;0.0014492753623188&quot;,&quot;title&quot;:&quot;DCIM113GOPRO&quot;,&quot;orientation&quot;:&quot;0&quot;}\" data-image-title=\"DCIM113GOPRO\" data-image-description=\"\" data-medium-file=\"https:\/\/www.d-wdel.de\/wp-content\/uploads\/2016\/10\/Ardennen-100-von-129-300x225.jpg\" data-large-file=\"https:\/\/www.d-wdel.de\/wp-content\/uploads\/2016\/10\/Ardennen-100-von-129.jpg\" src=\"https:\/\/i0.wp.com\/www.d-wdel.de\/wp-content\/uploads\/2016\/10\/Ardennen-100-von-129.jpg?w=162&#038;h=121&#038;ssl=1\" srcset=\"https:\/\/www.d-wdel.de\/wp-content\/uploads\/2016\/10\/Ardennen-100-von-129.jpg 1500w, https:\/\/www.d-wdel.de\/wp-content\/uploads\/2016\/10\/Ardennen-100-von-129-300x225.jpg 300w, https:\/\/www.d-wdel.de\/wp-content\/uploads\/2016\/10\/Ardennen-100-von-129-768x576.jpg 768w, https:\/\/www.d-wdel.de\/wp-content\/uploads\/2016\/10\/Ardennen-100-von-129-970x728.jpg 970w, https:\/\/www.d-wdel.de\/wp-content\/uploads\/2016\/10\/Ardennen-100-von-129-700x525.jpg 700w\" width=\"162\" height=\"121\" loading=\"lazy\" data-original-width=\"162\" data-original-height=\"121\" itemprop=\"http:\/\/schema.org\/image\" title=\"DCIM113GOPRO\" alt=\"DCIM113GOPRO\" style=\"width: 162px; height: 121px;\" \/> <\/a> <\/div> <\/div> <!-- close group --> <\/div> <!-- close row --> <div class=\"gallery-row\" style=\"width: 500px; height: 126px;\" data-original-width=\"500\" data-original-height=\"126\" > <div class=\"gallery-group images-1\" style=\"width: 167px; height: 126px;\" data-original-width=\"167\" data-original-height=\"126\" > <div class=\"tiled-gallery-item tiled-gallery-item-small\" itemprop=\"associatedMedia\" itemscope itemtype=\"http:\/\/schema.org\/ImageObject\"> <a href=\"https:\/\/www.d-wdel.de\/?attachment_id=2136\" border=\"0\" itemprop=\"url\"> <meta itemprop=\"width\" content=\"163\"> <meta itemprop=\"height\" content=\"122\"> <img decoding=\"async\" class=\"\" data-attachment-id=\"2136\" data-orig-file=\"https:\/\/www.d-wdel.de\/wp-content\/uploads\/2016\/10\/Ardennen-101-von-129.jpg\" data-orig-size=\"1500,1125\" data-comments-opened=\"1\" data-image-meta=\"{&quot;aperture&quot;:&quot;2.8&quot;,&quot;credit&quot;:&quot;Thilo Becker&quot;,&quot;camera&quot;:&quot;Hero3-Black Edition&quot;,&quot;caption&quot;:&quot;DCIM113GOPRO&quot;,&quot;created_timestamp&quot;:&quot;1473525332&quot;,&quot;copyright&quot;:&quot;Thilo Becker&quot;,&quot;focal_length&quot;:&quot;2.77&quot;,&quot;iso&quot;:&quot;100&quot;,&quot;shutter_speed&quot;:&quot;0.0013333333333333&quot;,&quot;title&quot;:&quot;DCIM113GOPRO&quot;,&quot;orientation&quot;:&quot;0&quot;}\" data-image-title=\"DCIM113GOPRO\" data-image-description=\"\" data-medium-file=\"https:\/\/www.d-wdel.de\/wp-content\/uploads\/2016\/10\/Ardennen-101-von-129-300x225.jpg\" data-large-file=\"https:\/\/www.d-wdel.de\/wp-content\/uploads\/2016\/10\/Ardennen-101-von-129.jpg\" src=\"https:\/\/i0.wp.com\/www.d-wdel.de\/wp-content\/uploads\/2016\/10\/Ardennen-101-von-129.jpg?w=163&#038;h=122&#038;ssl=1\" srcset=\"https:\/\/www.d-wdel.de\/wp-content\/uploads\/2016\/10\/Ardennen-101-von-129.jpg 1500w, https:\/\/www.d-wdel.de\/wp-content\/uploads\/2016\/10\/Ardennen-101-von-129-300x225.jpg 300w, https:\/\/www.d-wdel.de\/wp-content\/uploads\/2016\/10\/Ardennen-101-von-129-768x576.jpg 768w, https:\/\/www.d-wdel.de\/wp-content\/uploads\/2016\/10\/Ardennen-101-von-129-970x728.jpg 970w, https:\/\/www.d-wdel.de\/wp-content\/uploads\/2016\/10\/Ardennen-101-von-129-700x525.jpg 700w\" width=\"163\" height=\"122\" loading=\"lazy\" data-original-width=\"163\" data-original-height=\"122\" itemprop=\"http:\/\/schema.org\/image\" title=\"DCIM113GOPRO\" alt=\"DCIM113GOPRO\" style=\"width: 163px; height: 122px;\" \/> <\/a> <\/div> <\/div> <!-- close group --> <div class=\"gallery-group images-1\" style=\"width: 167px; height: 126px;\" data-original-width=\"167\" data-original-height=\"126\" > <div class=\"tiled-gallery-item tiled-gallery-item-small\" itemprop=\"associatedMedia\" itemscope itemtype=\"http:\/\/schema.org\/ImageObject\"> <a href=\"https:\/\/www.d-wdel.de\/?attachment_id=2137\" border=\"0\" itemprop=\"url\"> <meta itemprop=\"width\" content=\"163\"> <meta itemprop=\"height\" content=\"122\"> <img decoding=\"async\" class=\"\" data-attachment-id=\"2137\" data-orig-file=\"https:\/\/www.d-wdel.de\/wp-content\/uploads\/2016\/10\/Ardennen-102-von-129.jpg\" data-orig-size=\"1500,1125\" data-comments-opened=\"1\" data-image-meta=\"{&quot;aperture&quot;:&quot;2.8&quot;,&quot;credit&quot;:&quot;Thilo Becker&quot;,&quot;camera&quot;:&quot;Hero3-Black Edition&quot;,&quot;caption&quot;:&quot;DCIM113GOPRO&quot;,&quot;created_timestamp&quot;:&quot;1473526283&quot;,&quot;copyright&quot;:&quot;Thilo Becker&quot;,&quot;focal_length&quot;:&quot;2.77&quot;,&quot;iso&quot;:&quot;100&quot;,&quot;shutter_speed&quot;:&quot;0.0010526315789474&quot;,&quot;title&quot;:&quot;DCIM113GOPRO&quot;,&quot;orientation&quot;:&quot;0&quot;}\" data-image-title=\"DCIM113GOPRO\" data-image-description=\"\" data-medium-file=\"https:\/\/www.d-wdel.de\/wp-content\/uploads\/2016\/10\/Ardennen-102-von-129-300x225.jpg\" data-large-file=\"https:\/\/www.d-wdel.de\/wp-content\/uploads\/2016\/10\/Ardennen-102-von-129.jpg\" src=\"https:\/\/i0.wp.com\/www.d-wdel.de\/wp-content\/uploads\/2016\/10\/Ardennen-102-von-129.jpg?w=163&#038;h=122&#038;ssl=1\" srcset=\"https:\/\/www.d-wdel.de\/wp-content\/uploads\/2016\/10\/Ardennen-102-von-129.jpg 1500w, https:\/\/www.d-wdel.de\/wp-content\/uploads\/2016\/10\/Ardennen-102-von-129-300x225.jpg 300w, https:\/\/www.d-wdel.de\/wp-content\/uploads\/2016\/10\/Ardennen-102-von-129-768x576.jpg 768w, https:\/\/www.d-wdel.de\/wp-content\/uploads\/2016\/10\/Ardennen-102-von-129-970x728.jpg 970w, https:\/\/www.d-wdel.de\/wp-content\/uploads\/2016\/10\/Ardennen-102-von-129-700x525.jpg 700w\" width=\"163\" height=\"122\" loading=\"lazy\" data-original-width=\"163\" data-original-height=\"122\" itemprop=\"http:\/\/schema.org\/image\" title=\"DCIM113GOPRO\" alt=\"DCIM113GOPRO\" style=\"width: 163px; height: 122px;\" \/> <\/a> <\/div> <\/div> <!-- close group --> <div class=\"gallery-group images-1\" style=\"width: 166px; height: 126px;\" data-original-width=\"166\" data-original-height=\"126\" > <div class=\"tiled-gallery-item tiled-gallery-item-small\" itemprop=\"associatedMedia\" itemscope itemtype=\"http:\/\/schema.org\/ImageObject\"> <a href=\"https:\/\/www.d-wdel.de\/?attachment_id=2138\" border=\"0\" itemprop=\"url\"> <meta itemprop=\"width\" content=\"162\"> <meta itemprop=\"height\" content=\"122\"> <img decoding=\"async\" class=\"\" data-attachment-id=\"2138\" data-orig-file=\"https:\/\/www.d-wdel.de\/wp-content\/uploads\/2016\/10\/Ardennen-103-von-129.jpg\" data-orig-size=\"1500,1125\" data-comments-opened=\"1\" data-image-meta=\"{&quot;aperture&quot;:&quot;2.8&quot;,&quot;credit&quot;:&quot;Thilo Becker&quot;,&quot;camera&quot;:&quot;Hero3-Black Edition&quot;,&quot;caption&quot;:&quot;DCIM113GOPRO&quot;,&quot;created_timestamp&quot;:&quot;1473526583&quot;,&quot;copyright&quot;:&quot;Thilo Becker&quot;,&quot;focal_length&quot;:&quot;2.77&quot;,&quot;iso&quot;:&quot;184&quot;,&quot;shutter_speed&quot;:&quot;0.0083333333333333&quot;,&quot;title&quot;:&quot;DCIM113GOPRO&quot;,&quot;orientation&quot;:&quot;0&quot;}\" data-image-title=\"DCIM113GOPRO\" data-image-description=\"\" data-medium-file=\"https:\/\/www.d-wdel.de\/wp-content\/uploads\/2016\/10\/Ardennen-103-von-129-300x225.jpg\" data-large-file=\"https:\/\/www.d-wdel.de\/wp-content\/uploads\/2016\/10\/Ardennen-103-von-129.jpg\" src=\"https:\/\/i0.wp.com\/www.d-wdel.de\/wp-content\/uploads\/2016\/10\/Ardennen-103-von-129.jpg?w=162&#038;h=122&#038;ssl=1\" srcset=\"https:\/\/www.d-wdel.de\/wp-content\/uploads\/2016\/10\/Ardennen-103-von-129.jpg 1500w, https:\/\/www.d-wdel.de\/wp-content\/uploads\/2016\/10\/Ardennen-103-von-129-300x225.jpg 300w, https:\/\/www.d-wdel.de\/wp-content\/uploads\/2016\/10\/Ardennen-103-von-129-768x576.jpg 768w, https:\/\/www.d-wdel.de\/wp-content\/uploads\/2016\/10\/Ardennen-103-von-129-970x728.jpg 970w, https:\/\/www.d-wdel.de\/wp-content\/uploads\/2016\/10\/Ardennen-103-von-129-700x525.jpg 700w\" width=\"162\" height=\"122\" loading=\"lazy\" data-original-width=\"162\" data-original-height=\"122\" itemprop=\"http:\/\/schema.org\/image\" title=\"DCIM113GOPRO\" alt=\"DCIM113GOPRO\" style=\"width: 162px; height: 122px;\" \/> <\/a> <\/div> <\/div> <!-- close group --> <\/div> <!-- close row --> <div class=\"gallery-row\" style=\"width: 500px; height: 228px;\" data-original-width=\"500\" data-original-height=\"228\" > <div class=\"gallery-group images-2\" style=\"width: 159px; height: 228px;\" data-original-width=\"159\" data-original-height=\"228\" > <div class=\"tiled-gallery-item tiled-gallery-item-small\" itemprop=\"associatedMedia\" itemscope itemtype=\"http:\/\/schema.org\/ImageObject\"> <a href=\"https:\/\/www.d-wdel.de\/?attachment_id=2139\" border=\"0\" itemprop=\"url\"> <meta itemprop=\"width\" content=\"155\"> <meta itemprop=\"height\" content=\"117\"> <img decoding=\"async\" class=\"\" data-attachment-id=\"2139\" data-orig-file=\"https:\/\/www.d-wdel.de\/wp-content\/uploads\/2016\/10\/Ardennen-104-von-129.jpg\" data-orig-size=\"1500,1125\" data-comments-opened=\"1\" data-image-meta=\"{&quot;aperture&quot;:&quot;2.8&quot;,&quot;credit&quot;:&quot;Thilo Becker&quot;,&quot;camera&quot;:&quot;Hero3-Black Edition&quot;,&quot;caption&quot;:&quot;DCIM113GOPRO&quot;,&quot;created_timestamp&quot;:&quot;1473526673&quot;,&quot;copyright&quot;:&quot;Thilo Becker&quot;,&quot;focal_length&quot;:&quot;2.77&quot;,&quot;iso&quot;:&quot;100&quot;,&quot;shutter_speed&quot;:&quot;0.00071428571428571&quot;,&quot;title&quot;:&quot;DCIM113GOPRO&quot;,&quot;orientation&quot;:&quot;0&quot;}\" data-image-title=\"DCIM113GOPRO\" data-image-description=\"\" data-medium-file=\"https:\/\/www.d-wdel.de\/wp-content\/uploads\/2016\/10\/Ardennen-104-von-129-300x225.jpg\" data-large-file=\"https:\/\/www.d-wdel.de\/wp-content\/uploads\/2016\/10\/Ardennen-104-von-129.jpg\" src=\"https:\/\/i0.wp.com\/www.d-wdel.de\/wp-content\/uploads\/2016\/10\/Ardennen-104-von-129.jpg?w=155&#038;h=117&#038;ssl=1\" srcset=\"https:\/\/www.d-wdel.de\/wp-content\/uploads\/2016\/10\/Ardennen-104-von-129.jpg 1500w, https:\/\/www.d-wdel.de\/wp-content\/uploads\/2016\/10\/Ardennen-104-von-129-300x225.jpg 300w, https:\/\/www.d-wdel.de\/wp-content\/uploads\/2016\/10\/Ardennen-104-von-129-768x576.jpg 768w, https:\/\/www.d-wdel.de\/wp-content\/uploads\/2016\/10\/Ardennen-104-von-129-970x728.jpg 970w, https:\/\/www.d-wdel.de\/wp-content\/uploads\/2016\/10\/Ardennen-104-von-129-700x525.jpg 700w\" width=\"155\" height=\"117\" loading=\"lazy\" data-original-width=\"155\" data-original-height=\"117\" itemprop=\"http:\/\/schema.org\/image\" title=\"DCIM113GOPRO\" alt=\"DCIM113GOPRO\" style=\"width: 155px; height: 117px;\" \/> <\/a> <\/div> <div class=\"tiled-gallery-item tiled-gallery-item-small\" itemprop=\"associatedMedia\" itemscope itemtype=\"http:\/\/schema.org\/ImageObject\"> <a href=\"https:\/\/www.d-wdel.de\/?attachment_id=2140\" border=\"0\" itemprop=\"url\"> <meta itemprop=\"width\" content=\"155\"> <meta itemprop=\"height\" content=\"103\"> <img decoding=\"async\" class=\"\" data-attachment-id=\"2140\" data-orig-file=\"https:\/\/www.d-wdel.de\/wp-content\/uploads\/2016\/10\/Ardennen-107-von-129.jpg\" data-orig-size=\"1500,997\" data-comments-opened=\"1\" data-image-meta=\"{&quot;aperture&quot;:&quot;7.1&quot;,&quot;credit&quot;:&quot;Thilo Becker&quot;,&quot;camera&quot;:&quot;PENTAX K-3 II&quot;,&quot;caption&quot;:&quot;&quot;,&quot;created_timestamp&quot;:&quot;1473578165&quot;,&quot;copyright&quot;:&quot;Thilo Becker&quot;,&quot;focal_length&quot;:&quot;120&quot;,&quot;iso&quot;:&quot;100&quot;,&quot;shutter_speed&quot;:&quot;0.004&quot;,&quot;title&quot;:&quot;&quot;,&quot;orientation&quot;:&quot;0&quot;}\" data-image-title=\"ardennen-107-von-129\" data-image-description=\"\" data-medium-file=\"https:\/\/www.d-wdel.de\/wp-content\/uploads\/2016\/10\/Ardennen-107-von-129-300x199.jpg\" data-large-file=\"https:\/\/www.d-wdel.de\/wp-content\/uploads\/2016\/10\/Ardennen-107-von-129.jpg\" src=\"https:\/\/i0.wp.com\/www.d-wdel.de\/wp-content\/uploads\/2016\/10\/Ardennen-107-von-129.jpg?w=155&#038;h=103&#038;ssl=1\" srcset=\"https:\/\/www.d-wdel.de\/wp-content\/uploads\/2016\/10\/Ardennen-107-von-129.jpg 1500w, https:\/\/www.d-wdel.de\/wp-content\/uploads\/2016\/10\/Ardennen-107-von-129-300x199.jpg 300w, https:\/\/www.d-wdel.de\/wp-content\/uploads\/2016\/10\/Ardennen-107-von-129-768x510.jpg 768w\" width=\"155\" height=\"103\" loading=\"lazy\" data-original-width=\"155\" data-original-height=\"103\" itemprop=\"http:\/\/schema.org\/image\" title=\"ardennen-107-von-129\" alt=\"Ausblick in Bourscheid\" style=\"width: 155px; height: 103px;\" \/> <\/a> <div class=\"tiled-gallery-caption\" itemprop=\"caption description\"> Ausblick in Bourscheid <\/div> <\/div> <\/div> <!-- close group --> <div class=\"gallery-group images-1\" style=\"width: 341px; height: 228px;\" data-original-width=\"341\" data-original-height=\"228\" > <div class=\"tiled-gallery-item tiled-gallery-item-large\" itemprop=\"associatedMedia\" itemscope itemtype=\"http:\/\/schema.org\/ImageObject\"> <a href=\"https:\/\/www.d-wdel.de\/?attachment_id=2141\" border=\"0\" itemprop=\"url\"> <meta itemprop=\"width\" content=\"337\"> <meta itemprop=\"height\" content=\"224\"> <img decoding=\"async\" class=\"\" data-attachment-id=\"2141\" data-orig-file=\"https:\/\/www.d-wdel.de\/wp-content\/uploads\/2016\/10\/Ardennen-108-von-129.jpg\" data-orig-size=\"1500,997\" data-comments-opened=\"1\" data-image-meta=\"{&quot;aperture&quot;:&quot;7.1&quot;,&quot;credit&quot;:&quot;Thilo Becker&quot;,&quot;camera&quot;:&quot;PENTAX K-3 II&quot;,&quot;caption&quot;:&quot;&quot;,&quot;created_timestamp&quot;:&quot;1473578182&quot;,&quot;copyright&quot;:&quot;Thilo Becker&quot;,&quot;focal_length&quot;:&quot;300&quot;,&quot;iso&quot;:&quot;100&quot;,&quot;shutter_speed&quot;:&quot;0.0025&quot;,&quot;title&quot;:&quot;&quot;,&quot;orientation&quot;:&quot;0&quot;}\" data-image-title=\"ardennen-108-von-129\" data-image-description=\"\" data-medium-file=\"https:\/\/www.d-wdel.de\/wp-content\/uploads\/2016\/10\/Ardennen-108-von-129-300x199.jpg\" data-large-file=\"https:\/\/www.d-wdel.de\/wp-content\/uploads\/2016\/10\/Ardennen-108-von-129.jpg\" src=\"https:\/\/i0.wp.com\/www.d-wdel.de\/wp-content\/uploads\/2016\/10\/Ardennen-108-von-129.jpg?w=337&#038;h=224&#038;ssl=1\" srcset=\"https:\/\/www.d-wdel.de\/wp-content\/uploads\/2016\/10\/Ardennen-108-von-129.jpg 1500w, https:\/\/www.d-wdel.de\/wp-content\/uploads\/2016\/10\/Ardennen-108-von-129-300x199.jpg 300w, https:\/\/www.d-wdel.de\/wp-content\/uploads\/2016\/10\/Ardennen-108-von-129-768x510.jpg 768w\" width=\"337\" height=\"224\" loading=\"lazy\" data-original-width=\"337\" data-original-height=\"224\" itemprop=\"http:\/\/schema.org\/image\" title=\"ardennen-108-von-129\" alt=\"ardennen-108-von-129\" style=\"width: 337px; height: 224px;\" \/> <\/a> <\/div> <\/div> <!-- close group --> <\/div> <!-- close row --> <div class=\"gallery-row\" style=\"width: 500px; height: 89px;\" data-original-width=\"500\" data-original-height=\"89\" > <div class=\"gallery-group images-1\" style=\"width: 132px; height: 89px;\" data-original-width=\"132\" data-original-height=\"89\" > <div class=\"tiled-gallery-item tiled-gallery-item-small\" itemprop=\"associatedMedia\" itemscope itemtype=\"http:\/\/schema.org\/ImageObject\"> <a href=\"https:\/\/www.d-wdel.de\/?attachment_id=2142\" border=\"0\" itemprop=\"url\"> <meta itemprop=\"width\" content=\"128\"> <meta itemprop=\"height\" content=\"85\"> <img decoding=\"async\" class=\"\" data-attachment-id=\"2142\" data-orig-file=\"https:\/\/www.d-wdel.de\/wp-content\/uploads\/2016\/10\/Ardennen-109-von-129.jpg\" data-orig-size=\"1500,997\" data-comments-opened=\"1\" data-image-meta=\"{&quot;aperture&quot;:&quot;7.1&quot;,&quot;credit&quot;:&quot;Thilo Becker&quot;,&quot;camera&quot;:&quot;PENTAX K-3 II&quot;,&quot;caption&quot;:&quot;&quot;,&quot;created_timestamp&quot;:&quot;1473578196&quot;,&quot;copyright&quot;:&quot;Thilo Becker&quot;,&quot;focal_length&quot;:&quot;300&quot;,&quot;iso&quot;:&quot;100&quot;,&quot;shutter_speed&quot;:&quot;0.00125&quot;,&quot;title&quot;:&quot;&quot;,&quot;orientation&quot;:&quot;0&quot;}\" data-image-title=\"ardennen-109-von-129\" data-image-description=\"\" data-medium-file=\"https:\/\/www.d-wdel.de\/wp-content\/uploads\/2016\/10\/Ardennen-109-von-129-300x199.jpg\" data-large-file=\"https:\/\/www.d-wdel.de\/wp-content\/uploads\/2016\/10\/Ardennen-109-von-129.jpg\" src=\"https:\/\/i0.wp.com\/www.d-wdel.de\/wp-content\/uploads\/2016\/10\/Ardennen-109-von-129.jpg?w=128&#038;h=85&#038;ssl=1\" srcset=\"https:\/\/www.d-wdel.de\/wp-content\/uploads\/2016\/10\/Ardennen-109-von-129.jpg 1500w, https:\/\/www.d-wdel.de\/wp-content\/uploads\/2016\/10\/Ardennen-109-von-129-300x199.jpg 300w, https:\/\/www.d-wdel.de\/wp-content\/uploads\/2016\/10\/Ardennen-109-von-129-768x510.jpg 768w\" width=\"128\" height=\"85\" loading=\"lazy\" data-original-width=\"128\" data-original-height=\"85\" itemprop=\"http:\/\/schema.org\/image\" title=\"ardennen-109-von-129\" alt=\"ardennen-109-von-129\" style=\"width: 128px; height: 85px;\" \/> <\/a> <\/div> <\/div> <!-- close group --> <div class=\"gallery-group images-1\" style=\"width: 132px; height: 89px;\" data-original-width=\"132\" data-original-height=\"89\" > <div class=\"tiled-gallery-item tiled-gallery-item-small\" itemprop=\"associatedMedia\" itemscope itemtype=\"http:\/\/schema.org\/ImageObject\"> <a href=\"https:\/\/www.d-wdel.de\/?attachment_id=2143\" border=\"0\" itemprop=\"url\"> <meta itemprop=\"width\" content=\"128\"> <meta itemprop=\"height\" content=\"85\"> <img decoding=\"async\" class=\"\" data-attachment-id=\"2143\" data-orig-file=\"https:\/\/www.d-wdel.de\/wp-content\/uploads\/2016\/10\/Ardennen-111-von-129.jpg\" data-orig-size=\"1500,997\" data-comments-opened=\"1\" data-image-meta=\"{&quot;aperture&quot;:&quot;8&quot;,&quot;credit&quot;:&quot;Thilo Becker&quot;,&quot;camera&quot;:&quot;PENTAX K-3 II&quot;,&quot;caption&quot;:&quot;&quot;,&quot;created_timestamp&quot;:&quot;1473578356&quot;,&quot;copyright&quot;:&quot;Thilo Becker&quot;,&quot;focal_length&quot;:&quot;87.5&quot;,&quot;iso&quot;:&quot;200&quot;,&quot;shutter_speed&quot;:&quot;0.008&quot;,&quot;title&quot;:&quot;&quot;,&quot;orientation&quot;:&quot;0&quot;}\" data-image-title=\"ardennen-111-von-129\" data-image-description=\"\" data-medium-file=\"https:\/\/www.d-wdel.de\/wp-content\/uploads\/2016\/10\/Ardennen-111-von-129-300x199.jpg\" data-large-file=\"https:\/\/www.d-wdel.de\/wp-content\/uploads\/2016\/10\/Ardennen-111-von-129.jpg\" src=\"https:\/\/i0.wp.com\/www.d-wdel.de\/wp-content\/uploads\/2016\/10\/Ardennen-111-von-129.jpg?w=128&#038;h=85&#038;ssl=1\" srcset=\"https:\/\/www.d-wdel.de\/wp-content\/uploads\/2016\/10\/Ardennen-111-von-129.jpg 1500w, https:\/\/www.d-wdel.de\/wp-content\/uploads\/2016\/10\/Ardennen-111-von-129-300x199.jpg 300w, https:\/\/www.d-wdel.de\/wp-content\/uploads\/2016\/10\/Ardennen-111-von-129-768x510.jpg 768w\" width=\"128\" height=\"85\" loading=\"lazy\" data-original-width=\"128\" data-original-height=\"85\" itemprop=\"http:\/\/schema.org\/image\" title=\"ardennen-111-von-129\" alt=\"ardennen-111-von-129\" style=\"width: 128px; height: 85px;\" \/> <\/a> <\/div> <\/div> <!-- close group --> <div class=\"gallery-group images-1\" style=\"width: 118px; height: 89px;\" data-original-width=\"118\" data-original-height=\"89\" > <div class=\"tiled-gallery-item tiled-gallery-item-small\" itemprop=\"associatedMedia\" itemscope itemtype=\"http:\/\/schema.org\/ImageObject\"> <a href=\"https:\/\/www.d-wdel.de\/?attachment_id=2144\" border=\"0\" itemprop=\"url\"> <meta itemprop=\"width\" content=\"114\"> <meta itemprop=\"height\" content=\"85\"> <img decoding=\"async\" class=\"\" data-attachment-id=\"2144\" data-orig-file=\"https:\/\/www.d-wdel.de\/wp-content\/uploads\/2016\/10\/Ardennen-121-von-129.jpg\" data-orig-size=\"1500,1125\" data-comments-opened=\"1\" data-image-meta=\"{&quot;aperture&quot;:&quot;1.9&quot;,&quot;credit&quot;:&quot;Thilo Becker&quot;,&quot;camera&quot;:&quot;SM-G903F&quot;,&quot;caption&quot;:&quot;&quot;,&quot;created_timestamp&quot;:&quot;1473579020&quot;,&quot;copyright&quot;:&quot;Thilo Becker&quot;,&quot;focal_length&quot;:&quot;3.7&quot;,&quot;iso&quot;:&quot;40&quot;,&quot;shutter_speed&quot;:&quot;0.008&quot;,&quot;title&quot;:&quot;&quot;,&quot;orientation&quot;:&quot;0&quot;}\" data-image-title=\"ardennen-121-von-129\" data-image-description=\"\" data-medium-file=\"https:\/\/www.d-wdel.de\/wp-content\/uploads\/2016\/10\/Ardennen-121-von-129-300x225.jpg\" data-large-file=\"https:\/\/www.d-wdel.de\/wp-content\/uploads\/2016\/10\/Ardennen-121-von-129.jpg\" src=\"https:\/\/i0.wp.com\/www.d-wdel.de\/wp-content\/uploads\/2016\/10\/Ardennen-121-von-129.jpg?w=114&#038;h=85&#038;ssl=1\" srcset=\"https:\/\/www.d-wdel.de\/wp-content\/uploads\/2016\/10\/Ardennen-121-von-129.jpg 1500w, https:\/\/www.d-wdel.de\/wp-content\/uploads\/2016\/10\/Ardennen-121-von-129-300x225.jpg 300w, https:\/\/www.d-wdel.de\/wp-content\/uploads\/2016\/10\/Ardennen-121-von-129-768x576.jpg 768w, https:\/\/www.d-wdel.de\/wp-content\/uploads\/2016\/10\/Ardennen-121-von-129-970x728.jpg 970w, https:\/\/www.d-wdel.de\/wp-content\/uploads\/2016\/10\/Ardennen-121-von-129-700x525.jpg 700w\" width=\"114\" height=\"85\" loading=\"lazy\" data-original-width=\"114\" data-original-height=\"85\" itemprop=\"http:\/\/schema.org\/image\" title=\"ardennen-121-von-129\" alt=\"ardennen-121-von-129\" style=\"width: 114px; height: 85px;\" \/> <\/a> <\/div> <\/div> <!-- close group --> <div class=\"gallery-group images-1\" style=\"width: 118px; height: 89px;\" data-original-width=\"118\" data-original-height=\"89\" > <div class=\"tiled-gallery-item tiled-gallery-item-small\" itemprop=\"associatedMedia\" itemscope itemtype=\"http:\/\/schema.org\/ImageObject\"> <a href=\"https:\/\/www.d-wdel.de\/?attachment_id=2145\" border=\"0\" itemprop=\"url\"> <meta itemprop=\"width\" content=\"114\"> <meta itemprop=\"height\" content=\"85\"> <img decoding=\"async\" class=\"\" data-attachment-id=\"2145\" data-orig-file=\"https:\/\/www.d-wdel.de\/wp-content\/uploads\/2016\/10\/Ardennen-129-von-129.jpg\" data-orig-size=\"1500,1125\" data-comments-opened=\"1\" data-image-meta=\"{&quot;aperture&quot;:&quot;0&quot;,&quot;credit&quot;:&quot;Thilo Becker&quot;,&quot;camera&quot;:&quot;&quot;,&quot;caption&quot;:&quot;&quot;,&quot;created_timestamp&quot;:&quot;0&quot;,&quot;copyright&quot;:&quot;Thilo Becker&quot;,&quot;focal_length&quot;:&quot;0&quot;,&quot;iso&quot;:&quot;0&quot;,&quot;shutter_speed&quot;:&quot;0&quot;,&quot;title&quot;:&quot;&quot;,&quot;orientation&quot;:&quot;0&quot;}\" data-image-title=\"ardennen-129-von-129\" data-image-description=\"\" data-medium-file=\"https:\/\/www.d-wdel.de\/wp-content\/uploads\/2016\/10\/Ardennen-129-von-129-300x225.jpg\" data-large-file=\"https:\/\/www.d-wdel.de\/wp-content\/uploads\/2016\/10\/Ardennen-129-von-129.jpg\" src=\"https:\/\/i0.wp.com\/www.d-wdel.de\/wp-content\/uploads\/2016\/10\/Ardennen-129-von-129.jpg?w=114&#038;h=85&#038;ssl=1\" srcset=\"https:\/\/www.d-wdel.de\/wp-content\/uploads\/2016\/10\/Ardennen-129-von-129.jpg 1500w, https:\/\/www.d-wdel.de\/wp-content\/uploads\/2016\/10\/Ardennen-129-von-129-300x225.jpg 300w, https:\/\/www.d-wdel.de\/wp-content\/uploads\/2016\/10\/Ardennen-129-von-129-768x576.jpg 768w, https:\/\/www.d-wdel.de\/wp-content\/uploads\/2016\/10\/Ardennen-129-von-129-970x728.jpg 970w, https:\/\/www.d-wdel.de\/wp-content\/uploads\/2016\/10\/Ardennen-129-von-129-700x525.jpg 700w\" width=\"114\" height=\"85\" loading=\"lazy\" data-original-width=\"114\" data-original-height=\"85\" itemprop=\"http:\/\/schema.org\/image\" title=\"ardennen-129-von-129\" alt=\"ardennen-129-von-129\" style=\"width: 114px; height: 85px;\" \/> <\/a> <\/div> <\/div> <!-- close group --> <\/div> <!-- close row --> <\/div>\n","protected":false},"excerpt":{"rendered":"<p>Das h\u00e4tte ich nicht erwartet, dass wir so nah vor der Haust\u00fcr ein so sch\u00f6nes Motorradrevier haben. Die Ardennen haben mich beeindruckt. Schon die Anfahrt durch die Eifel versprach alles was das Bikerherz verlangt. Mit Michael an der Spitze war es eine sch\u00f6ne Tour. In Bourscheid wartete dann unser Hotel auf uns. Leider stehen die [&hellip;]<\/p>\n","protected":false},"author":1,"featured_media":2098,"comment_status":"open","ping_status":"open","sticky":false,"template":"","format":"standard","meta":{"_jetpack_memberships_contains_paid_content":false,"footnotes":""},"categories":[2],"tags":[43],"class_list":["post-2097","post","type-post","status-publish","format-standard","has-post-thumbnail","hentry","category-motorradtouren","tag-ardennen"],"jetpack_featured_media_url":"https:\/\/www.d-wdel.de\/wp-content\/uploads\/2016\/10\/Ardennen-79-von-129.jpg","jetpack_sharing_enabled":true,"post_mailing_queue_ids":[],"_links":{"self":[{"href":"https:\/\/www.d-wdel.de\/index.php?rest_route=\/wp\/v2\/posts\/2097","targetHints":{"allow":["GET"]}}],"collection":[{"href":"https:\/\/www.d-wdel.de\/index.php?rest_route=\/wp\/v2\/posts"}],"about":[{"href":"https:\/\/www.d-wdel.de\/index.php?rest_route=\/wp\/v2\/types\/post"}],"author":[{"embeddable":true,"href":"https:\/\/www.d-wdel.de\/index.php?rest_route=\/wp\/v2\/users\/1"}],"replies":[{"embeddable":true,"href":"https:\/\/www.d-wdel.de\/index.php?rest_route=%2Fwp%2Fv2%2Fcomments&post=2097"}],"version-history":[{"count":1,"href":"https:\/\/www.d-wdel.de\/index.php?rest_route=\/wp\/v2\/posts\/2097\/revisions"}],"predecessor-version":[{"id":2146,"href":"https:\/\/www.d-wdel.de\/index.php?rest_route=\/wp\/v2\/posts\/2097\/revisions\/2146"}],"wp:featuredmedia":[{"embeddable":true,"href":"https:\/\/www.d-wdel.de\/index.php?rest_route=\/wp\/v2\/media\/2098"}],"wp:attachment":[{"href":"https:\/\/www.d-wdel.de\/index.php?rest_route=%2Fwp%2Fv2%2Fmedia&parent=2097"}],"wp:term":[{"taxonomy":"category","embeddable":true,"href":"https:\/\/www.d-wdel.de\/index.php?rest_route=%2Fwp%2Fv2%2Fcategories&post=2097"},{"taxonomy":"post_tag","embeddable":true,"href":"https:\/\/www.d-wdel.de\/index.php?rest_route=%2Fwp%2Fv2%2Ftags&post=2097"}],"curies":[{"name":"wp","href":"https:\/\/api.w.org\/{rel}","templated":true}]}}